{"id":505,"date":"2009-09-28T09:44:23","date_gmt":"2009-09-28T08:44:23","guid":{"rendered":"http:\/\/www.stendhal.fr\/?p=505"},"modified":"2009-09-28T09:44:23","modified_gmt":"2009-09-28T08:44:23","slug":"haydn-et-ses-biographes-romantiques-stendhal-et-george-sand","status":"publish","type":"post","link":"https:\/\/stendhal.fr\/?p=505","title":{"rendered":"Haydn et ses biographes romantiques (Stendhal et George Sand)"},"content":{"rendered":"<p align=\"center\"><strong> STENDHAL AUJOURD\u2019HUI <\/strong><\/p>\n<p class=\"Section1\" align=\"center\">Soci\u00e9t\u00e9 internationale d\u2019\u00e9tudes stendhaliennes<\/p>\n<p class=\"Section1\" align=\"center\"><strong>Conf\u00e9rence de Suzel Esquier <\/strong><\/p>\n<p class=\"Section1\" align=\"center\"><strong>Haydn et ses biographes<br \/>\nromantiques (Stendhal et George Sand) <\/strong><\/p>\n<p class=\"Section1\" align=\"center\">19 novembre 2009, 18h30, Universit\u00e9 de Paris-Sorbonne, Paris<br \/>\nIV, salle des Actes<\/p>\n","protected":false},"excerpt":{"rendered":"<p>STENDHAL AUJOURD\u2019HUI Soci\u00e9t\u00e9 internationale d\u2019\u00e9tudes stendhaliennes Conf\u00e9rence de Suzel Esquier Haydn et ses biographes romantiques (Stendhal et George Sand) 19 novembre 2009, 18h30, Universit\u00e9 de Paris-Sorbonne, Paris IV, salle des Actes<\/p>\n","protected":false},"author":1,"featured_media":0,"comment_status":"closed","ping_status":"open","sticky":false,"template":"","format":"standard","meta":{"jetpack_post_was_ever_published":false,"_jetpack_newsletter_access":"","_jetpack_dont_email_post_to_subs":false,"_jetpack_newsletter_tier_id":0,"_jetpack_memberships_contains_paywalled_content":false,"_jetpack_memberships_contains_paid_content":false,"footnotes":"","jetpack_publicize_message":"","jetpack_publicize_feature_enabled":true,"jetpack_social_post_already_shared":false,"jetpack_social_options":{"image_generator_settings":{"template":"highway","default_image_id":0,"font":"","enabled":false},"version":2}},"categories":[4],"tags":[],"class_list":["post-505","post","type-post","status-publish","format-standard","hentry","category-conferences"],"jetpack_publicize_connections":[],"jetpack_featured_media_url":"","jetpack_sharing_enabled":true,"jetpack_shortlink":"https:\/\/wp.me\/p34K8b-89","jetpack_likes_enabled":true,"_links":{"self":[{"href":"https:\/\/stendhal.fr\/index.php?rest_route=\/wp\/v2\/posts\/505","targetHints":{"allow":["GET"]}}],"collection":[{"href":"https:\/\/stendhal.fr\/index.php?rest_route=\/wp\/v2\/posts"}],"about":[{"href":"https:\/\/stendhal.fr\/index.php?rest_route=\/wp\/v2\/types\/post"}],"author":[{"embeddable":true,"href":"https:\/\/stendhal.fr\/index.php?rest_route=\/wp\/v2\/users\/1"}],"replies":[{"embeddable":true,"href":"https:\/\/stendhal.fr\/index.php?rest_route=%2Fwp%2Fv2%2Fcomments&post=505"}],"version-history":[{"count":0,"href":"https:\/\/stendhal.fr\/index.php?rest_route=\/wp\/v2\/posts\/505\/revisions"}],"wp:attachment":[{"href":"https:\/\/stendhal.fr\/index.php?rest_route=%2Fwp%2Fv2%2Fmedia&parent=505"}],"wp:term":[{"taxonomy":"category","embeddable":true,"href":"https:\/\/stendhal.fr\/index.php?rest_route=%2Fwp%2Fv2%2Fcategories&post=505"},{"taxonomy":"post_tag","embeddable":true,"href":"https:\/\/stendhal.fr\/index.php?rest_route=%2Fwp%2Fv2%2Ftags&post=505"}],"curies":[{"name":"wp","href":"https:\/\/api.w.org\/{rel}","templated":true}]}}