{"id":503,"date":"2009-09-28T09:33:24","date_gmt":"2009-09-28T08:33:24","guid":{"rendered":"http:\/\/www.stendhal.fr\/?p=503"},"modified":"2009-09-28T10:01:30","modified_gmt":"2009-09-28T09:01:30","slug":"stendhal-et-l%e2%80%99eros-romantique-tradition-et-modernite-hb-n%c2%b013-14","status":"publish","type":"post","link":"https:\/\/stendhal.fr\/?p=503","title":{"rendered":"STENDHAL ET L\u2019EROS ROMANTIQUE : TRADITION ET MODERNITE HB N\u00b013-14"},"content":{"rendered":"<p class=\"Section1\" align=\"center\"><strong>HB Revue internationale d\u2019\u00e9tudes stendhaliennes, n\u00b0 13-14,<br \/>\n2009-2010 <\/strong>\n<\/p>\n<p class=\"Section1\" align=\"center\">EUREDIT <a href=\"mailto:euredit@yahoo.fr \" title=\"Euredit\" target=\"_blank\">euredit@yahoo.fr <\/a><\/p>\n<p class=\"Section1\" align=\"center\">DOSSIER<\/p>\n<p class=\"Section1\" align=\"center\"><strong>STENDHAL ET L\u2019EROS ROMANTIQUE : TRADITION ET MODERNITE  <\/strong><\/p>\n<p class=\"Section1\" align=\"center\">Actes du Colloque des 27 et 28 mars 2009<\/p>\n<p class=\"Section1\" align=\"center\">Textes r\u00e9unis par<br \/>\nMichel Arrous<\/p>\n<p>La cr\u00e9ation de <em>Don Juan<\/em> \u00e0 l\u2019Op\u00e9ra de Paris. Pr\u00e9mices d\u2019une esth\u00e9tique musicale de l\u2019amour, par Laurent Marty (Universit\u00e9 Paul Sabatier, Toulouse). Le langage paradoxal de l\u2019\u00e9ros dans le roman stendhalien, par Pierrette Pavet (Paris).<em> L\u00e9lia<\/em> \u00ab Bifrons \u00bb, entre 1833 et 1839 : De \u00ab L\u2019Eros romantique de la d\u00e9sesp\u00e9rance \u00bb \u00e0 la \u00ab sublimation spiritualiste \u00bb, par Liliane Lascoux (C.R.L.C. Paris-Sorbonne, Paris IV). A propos de <em>G\u00f6sta Berling<\/em>, ou la m\u00e9tamorphose d\u2019un h\u00e9ros romantique, par Kajsa Andersson (Universit\u00e9 d\u2019\u00d6rebro \u2013 Su\u00e8de). L\u2019amour et l\u2019imagination cr\u00e9atrice : modelage du type de l\u2019Amazone chez Stendhal, par Nobuhiro Takaki (Universit\u00e9 Kyushu \u2013 Japon). Le D\u00e9jeuner sur l\u2019herbe selon Manet et Picasso. La question du nu, par Suzel Esquier (C.R.R.R. Universit\u00e9 de Clermont-Ferrand). Les <em>Confidences de Nicolas<\/em>, par Fran\u00e7oise Guinoiseau (IUFM, Lyon). Clytemnestre innocent\u00e9e, par Marthe Peyroux (Paris). Erotisme et orphisme chez Victor Hugo, par Romain Vignest (Lyc\u00e9e Edouard Branly, Dreux). Les Martyrs de l\u2019Eros : g\u00e9n\u00e9alogie d\u2019un motif \u00e9rotique, par Nicolas Perot (Lyc\u00e9e Malherbe, Caen). L\u2019Eros russe : le sublime et le sensuel dans la litt\u00e9rature romantique et postromantique, par Elena Saprykina (Institut de litt\u00e9rature mondiale, Acad\u00e9mie des Sciences de Russie). Le ridicule et les \u00e2mes tendres : la rationalit\u00e9 affective chez Stendhal, par Isabelle Pitteloud (Universit\u00e9 de Gen\u00e8ve). Tyran espagnol prosa\u00efque contre un Eros christique damnateur (<em>Le Coffre et le Revenant. Aventure espagnole<\/em>), par Andr\u00e9e Mansau (Universit\u00e9 de Toulouse-Le Mirail). L\u2019Eros romantique et le libertinage : \u00e0 propos d\u2019<em>Adolphe<\/em>, par Michel Brix (Facult\u00e9s universitaires Notre-Dame de la Paix, Namur). Dominique ou la fin de l\u2019Eros, par Patrick Labarthe (Universit\u00e9 de Zurich). \u00ab <em>Les Enfants du Paradis <\/em>\u00bb, par Serge Link\u00e8s (Universit\u00e9 de La Rochelle). Stendhal et la modernit\u00e9 \u00e9rotique, par Alexandra Pion (Universit\u00e9 de Paris XII). <em>Lucien Leuwen<\/em> : un \u00e9loge de la vertu, par Thierry Ozwald (IUFM, Antilles)\n<\/p>\n<p class=\"Section1\" align=\"center\">VARIA<\/p>\n<p class=\"Section1\"><em>M\u00e9moires d\u2019un touriste<\/em> : digression en faveur d\u2019 \u00ab un grand homme \u00bb, par Marthe Peyroux. Politique et\/ou po\u00e9tique de l\u2019esquive, par Fran\u00e7oise Guinoiseau. Stendhal et Andersen \u00e0 Gen\u00e8ve, par Merete Gerlach Nielsen. Etre ou avoir : <em>F\u00e9der ou le mari d\u2019argent<\/em>, par Pascale Mc Garry. Holmes et M\u00e9rim\u00e9e,<em> Elsie Venner<\/em> et <em>Lokis<\/em>, par Clarisse R\u00e9qu\u00e9na. <em>Callirho\u00e9<\/em> de Maurice Sand et <em>La V\u00e9nus d\u2019Ille<\/em> de M\u00e9rim\u00e9e, par Clarisse R\u00e9qu\u00e9na. <em>Je ne veux jamais l\u2019oublier<\/em>  de Michel D\u00e9on, ou l\u2019Eros et la Beaut\u00e9, par Maria Zani.<\/p>\n<p class=\"Section1\" align=\"center\">NOTES<\/p>\n<p class=\"Section1\">Une nouvelle traduction du <em>Rouge et le Noir<\/em> en japonais (Akemi Yamamoto). Pr\u00e9cision sur le nom de Katzenellenbogen dans <em>Il Vicolo di Madama Lucrezia<\/em> de Prosper M\u00e9rim\u00e9e(Clarisse R\u00e9qu\u00e9na). Stendhal auditeur au Coll\u00e8ge de France et lecteur de biblioth\u00e8ques (Elisabeth Scheele). Apr\u00e8s <em>La Princesse de Cl\u00e8ves, La Chartreuse de Parme<\/em> ( Michel Crouzet).<\/p>\n<p class=\"Section1\" align=\"center\"><em>In memoriam<\/em><\/p>\n<p class=\"Section1\" align=\"center\"> JOSEPH-MARC BAILB\u00c9<\/p>\n","protected":false},"excerpt":{"rendered":"<p>HB Revue internationale d\u2019\u00e9tudes stendhaliennes, n\u00b0 13-14, 2009-2010 EUREDIT euredit@yahoo.fr DOSSIER STENDHAL ET L\u2019EROS ROMANTIQUE : TRADITION ET MODERNITE Actes du Colloque des 27 et 28 mars 2009 Textes r\u00e9unis par Michel Arrous La cr\u00e9ation de Don Juan \u00e0 l\u2019Op\u00e9ra &hellip; <a href=\"https:\/\/stendhal.fr\/?p=503\">Continuer la lecture <span class=\"meta-nav\">&rarr;<\/span><\/a><\/p>\n","protected":false},"author":1,"featured_media":0,"comment_status":"closed","ping_status":"open","sticky":false,"template":"","format":"standard","meta":{"jetpack_post_was_ever_published":false,"_jetpack_newsletter_access":"","_jetpack_dont_email_post_to_subs":false,"_jetpack_newsletter_tier_id":0,"_jetpack_memberships_contains_paywalled_content":false,"_jetpack_memberships_contains_paid_content":false,"footnotes":"","jetpack_publicize_message":"","jetpack_publicize_feature_enabled":true,"jetpack_social_post_already_shared":false,"jetpack_social_options":{"image_generator_settings":{"template":"highway","default_image_id":0,"font":"","enabled":false},"version":2}},"categories":[2],"tags":[],"class_list":["post-503","post","type-post","status-publish","format-standard","hentry","category-nouvelles-publications"],"jetpack_publicize_connections":[],"jetpack_featured_media_url":"","jetpack_sharing_enabled":true,"jetpack_shortlink":"https:\/\/wp.me\/p34K8b-87","jetpack_likes_enabled":true,"_links":{"self":[{"href":"https:\/\/stendhal.fr\/index.php?rest_route=\/wp\/v2\/posts\/503","targetHints":{"allow":["GET"]}}],"collection":[{"href":"https:\/\/stendhal.fr\/index.php?rest_route=\/wp\/v2\/posts"}],"about":[{"href":"https:\/\/stendhal.fr\/index.php?rest_route=\/wp\/v2\/types\/post"}],"author":[{"embeddable":true,"href":"https:\/\/stendhal.fr\/index.php?rest_route=\/wp\/v2\/users\/1"}],"replies":[{"embeddable":true,"href":"https:\/\/stendhal.fr\/index.php?rest_route=%2Fwp%2Fv2%2Fcomments&post=503"}],"version-history":[{"count":0,"href":"https:\/\/stendhal.fr\/index.php?rest_route=\/wp\/v2\/posts\/503\/revisions"}],"wp:attachment":[{"href":"https:\/\/stendhal.fr\/index.php?rest_route=%2Fwp%2Fv2%2Fmedia&parent=503"}],"wp:term":[{"taxonomy":"category","embeddable":true,"href":"https:\/\/stendhal.fr\/index.php?rest_route=%2Fwp%2Fv2%2Fcategories&post=503"},{"taxonomy":"post_tag","embeddable":true,"href":"https:\/\/stendhal.fr\/index.php?rest_route=%2Fwp%2Fv2%2Ftags&post=503"}],"curies":[{"name":"wp","href":"https:\/\/api.w.org\/{rel}","templated":true}]}}