{"id":502,"date":"2009-09-23T09:29:42","date_gmt":"2009-09-23T08:29:42","guid":{"rendered":"http:\/\/www.stendhal.fr\/?p=502"},"modified":"2009-09-23T09:29:42","modified_gmt":"2009-09-23T08:29:42","slug":"stendhal-dans-la-lettre-de-la-pleiade-n%c2%b037","status":"publish","type":"post","link":"https:\/\/stendhal.fr\/?p=502","title":{"rendered":"Stendhal dans la Lettre de la Pl\u00e9iade N\u00b037"},"content":{"rendered":"<p>La <em>Lettre de la Pl\u00e9iade<\/em> N\u00b037 ( t\u00e9l\u00e9chargeable au format PDF\u00a0 sur le site des \u00c9ditions Gallimard \u00e0 l&rsquo;adresse <a href=\"http:\/\/www.cercle-pleiade.com\/\" title=\"Lettre de la Pl\u00e9iade N\u00b037\" target=\"_blank\">http:\/\/www.cercle-pleiade.com\/<\/a> ) \u00e9voque la nouvelle \u00e9dition des <em>Oeuvres romanesques compl\u00e8tes <\/em>de Stendhal.<\/p>\n","protected":false},"excerpt":{"rendered":"<p>La Lettre de la Pl\u00e9iade N\u00b037 ( t\u00e9l\u00e9chargeable au format PDF\u00a0 sur le site des \u00c9ditions Gallimard \u00e0 l&rsquo;adresse http:\/\/www.cercle-pleiade.com\/ ) \u00e9voque la nouvelle \u00e9dition des Oeuvres romanesques compl\u00e8tes de Stendhal.<\/p>\n","protected":false},"author":1,"featured_media":0,"comment_status":"closed","ping_status":"open","sticky":false,"template":"","format":"standard","meta":{"jetpack_post_was_ever_published":false,"_jetpack_newsletter_access":"","_jetpack_dont_email_post_to_subs":false,"_jetpack_newsletter_tier_id":0,"_jetpack_memberships_contains_paywalled_content":false,"_jetpack_memberships_contains_paid_content":false,"footnotes":"","jetpack_publicize_message":"","jetpack_publicize_feature_enabled":true,"jetpack_social_post_already_shared":false,"jetpack_social_options":{"image_generator_settings":{"template":"highway","default_image_id":0,"font":"","enabled":false},"version":2}},"categories":[7,5],"tags":[],"class_list":["post-502","post","type-post","status-publish","format-standard","hentry","category-lu-dans-la-presse","category-stendhal-sur-internet"],"jetpack_publicize_connections":[],"jetpack_featured_media_url":"","jetpack_sharing_enabled":true,"jetpack_shortlink":"https:\/\/wp.me\/p34K8b-86","jetpack_likes_enabled":true,"_links":{"self":[{"href":"https:\/\/stendhal.fr\/index.php?rest_route=\/wp\/v2\/posts\/502","targetHints":{"allow":["GET"]}}],"collection":[{"href":"https:\/\/stendhal.fr\/index.php?rest_route=\/wp\/v2\/posts"}],"about":[{"href":"https:\/\/stendhal.fr\/index.php?rest_route=\/wp\/v2\/types\/post"}],"author":[{"embeddable":true,"href":"https:\/\/stendhal.fr\/index.php?rest_route=\/wp\/v2\/users\/1"}],"replies":[{"embeddable":true,"href":"https:\/\/stendhal.fr\/index.php?rest_route=%2Fwp%2Fv2%2Fcomments&post=502"}],"version-history":[{"count":0,"href":"https:\/\/stendhal.fr\/index.php?rest_route=\/wp\/v2\/posts\/502\/revisions"}],"wp:attachment":[{"href":"https:\/\/stendhal.fr\/index.php?rest_route=%2Fwp%2Fv2%2Fmedia&parent=502"}],"wp:term":[{"taxonomy":"category","embeddable":true,"href":"https:\/\/stendhal.fr\/index.php?rest_route=%2Fwp%2Fv2%2Fcategories&post=502"},{"taxonomy":"post_tag","embeddable":true,"href":"https:\/\/stendhal.fr\/index.php?rest_route=%2Fwp%2Fv2%2Ftags&post=502"}],"curies":[{"name":"wp","href":"https:\/\/api.w.org\/{rel}","templated":true}]}}