{"id":497,"date":"2009-08-26T09:45:56","date_gmt":"2009-08-26T08:45:56","guid":{"rendered":"http:\/\/www.stendhal.fr\/?p=497"},"modified":"2009-08-26T09:51:51","modified_gmt":"2009-08-26T08:51:51","slug":"stendhal-litteral-lamiel","status":"publish","type":"post","link":"https:\/\/stendhal.fr\/?p=497","title":{"rendered":"Stendhal litt\u00e9ral Lamiel"},"content":{"rendered":"<p align=\"center\">&nbsp;<\/p>\n<p align=\"center\"><strong> <\/strong><\/p>\n<p align=\"center\"><strong>STENDHAL LITTERAL<\/strong><\/p>\n<p align=\"center\"><em><strong>Lamiel           <\/strong><\/em><\/p>\n<p align=\"center\">Yves Ansel<\/p>\n<p align=\"center\"><iframe src=\"http:\/\/rcm-fr.amazon.fr\/e\/cm?t=sitesten-21&amp;o=8&amp;p=8&amp;l=as1&amp;asins=2843101425&amp;fc1=000000&amp;IS2=1&amp;lt1=_blank&amp;m=amazon&amp;lc1=0000FF&amp;bc1=000000&amp;bg1=FFFFFF&amp;f=ifr\" style=\"width: 120px; height: 240px\" marginwidth=\"0\" marginheight=\"0\" frameborder=\"0\" scrolling=\"no\"><\/iframe><\/p>\n<p> Grenoble\u00a0: ELLUG, coll. \u00ab\u00a0Biblioth\u00e8que Stendhalienne et romantique\u00a0\u00bb, 2009.<\/p>\n<p>ISBN\u00a0: 978-2-84310-142-7<br \/>\nISSN\u00a0: 1294-0658<br \/>\nJuillet 2009<br \/>\n216 p.<br \/>\nPrix\u00a0: 22 \u20ac (+ frais de port)<\/p>\n<p><em>Lamiel <\/em>est la derni\u00e8re grande fiction de Stendhal, laiss\u00e9e en plan(s) par la mort de l&rsquo;auteur en 1842. <em>Lamiel<\/em>, dont l&rsquo;intrigue se d\u00e9roule dans les derni\u00e8res ann\u00e9es de la Restauration et le d\u00e9but de la monarchie de Juillet, est aujourd&rsquo;hui encore un roman tr\u00e8s m\u00e9connu, et pour des raisons qui ne tiennent pas seulement \u00e0 son inach\u00e8vement. C&rsquo;est \u00e0 une r\u00e9\u00e9valuation de cette oeuvre d\u00e9concertante que s&rsquo;attache la pr\u00e9sente \u00e9tude.<\/p>\n<p>Beaucoup moins r\u00e9aliste que <em>Le Rouge et le Noir<\/em>, <em>Lamiel<\/em>, r\u00e9trospective \u00ab\u00a0chronique\u00a0\u00bb des temps assez peu historique, conte la destin\u00e9e d&rsquo;une h\u00e9ro\u00efne qui monte de Normandie \u00e0 Paris, sans daigner \u00e9couter les innombrables sermonneurs qui lui veulent du bien. T\u00f4t affranchie par le singulier et lucide docteur Sansfin, amorale, avant tout respectueuse de sa sacro-sainte libert\u00e9 \u2014 \u00ab\u00a0Ne suis-je pas ma\u00eetresse de moi\u00a0?\u00a0\u00bb est la phrase qui r\u00e9sume son credo existentiel et \u00e9thique \u2014, Lamiel emprunte des chemins non balis\u00e9s, fait scandale parce qu&rsquo;elle trace sa propre route. De l\u00e0 \u00e0 faire de cette rebelle une f\u00e9ministe avant l&rsquo;heure, il n&rsquo;y avait qu&rsquo;un pas, souvent all\u00e8grement franchi. \u00c0 tort ou \u00e0 raison\u00a0? Les r\u00e9ponses sont dans le(s) texte(s).<\/p>\n<p>Obstin\u00e9ment attach\u00e9 \u00e0 la lettre, s&rsquo;interdisant soigneusement toute \u00ab\u00a0textrapolation\u00a0\u00bb inspir\u00e9e, se gardant de toute d\u00e9rive historique, th\u00e9matique ou symbolique, dans un langage d\u00e9lib\u00e9r\u00e9ment simple, <em>Stendhal litt\u00e9ral, Lamiel<\/em> se veut une (re)lecture pr\u00e9cise, rigoureuse, contr\u00f4lable, de l&rsquo;ultime grand roman de Stendhal.<\/p>\n","protected":false},"excerpt":{"rendered":"<p>&nbsp; STENDHAL LITTERAL Lamiel Yves Ansel Grenoble\u00a0: ELLUG, coll. \u00ab\u00a0Biblioth\u00e8que Stendhalienne et romantique\u00a0\u00bb, 2009. ISBN\u00a0: 978-2-84310-142-7 ISSN\u00a0: 1294-0658 Juillet 2009 216 p. Prix\u00a0: 22 \u20ac (+ frais de port) Lamiel est la derni\u00e8re grande fiction de Stendhal, laiss\u00e9e en plan(s) &hellip; <a href=\"https:\/\/stendhal.fr\/?p=497\">Continuer la lecture <span class=\"meta-nav\">&rarr;<\/span><\/a><\/p>\n","protected":false},"author":1,"featured_media":0,"comment_status":"closed","ping_status":"open","sticky":false,"template":"","format":"standard","meta":{"jetpack_post_was_ever_published":false,"_jetpack_newsletter_access":"","_jetpack_dont_email_post_to_subs":false,"_jetpack_newsletter_tier_id":0,"_jetpack_memberships_contains_paywalled_content":false,"_jetpack_memberships_contains_paid_content":false,"footnotes":"","jetpack_publicize_message":"","jetpack_publicize_feature_enabled":true,"jetpack_social_post_already_shared":false,"jetpack_social_options":{"image_generator_settings":{"template":"highway","default_image_id":0,"font":"","enabled":false},"version":2}},"categories":[2],"tags":[],"class_list":["post-497","post","type-post","status-publish","format-standard","hentry","category-nouvelles-publications"],"jetpack_publicize_connections":[],"jetpack_featured_media_url":"","jetpack_sharing_enabled":true,"jetpack_shortlink":"https:\/\/wp.me\/p34K8b-81","jetpack_likes_enabled":true,"_links":{"self":[{"href":"https:\/\/stendhal.fr\/index.php?rest_route=\/wp\/v2\/posts\/497","targetHints":{"allow":["GET"]}}],"collection":[{"href":"https:\/\/stendhal.fr\/index.php?rest_route=\/wp\/v2\/posts"}],"about":[{"href":"https:\/\/stendhal.fr\/index.php?rest_route=\/wp\/v2\/types\/post"}],"author":[{"embeddable":true,"href":"https:\/\/stendhal.fr\/index.php?rest_route=\/wp\/v2\/users\/1"}],"replies":[{"embeddable":true,"href":"https:\/\/stendhal.fr\/index.php?rest_route=%2Fwp%2Fv2%2Fcomments&post=497"}],"version-history":[{"count":0,"href":"https:\/\/stendhal.fr\/index.php?rest_route=\/wp\/v2\/posts\/497\/revisions"}],"wp:attachment":[{"href":"https:\/\/stendhal.fr\/index.php?rest_route=%2Fwp%2Fv2%2Fmedia&parent=497"}],"wp:term":[{"taxonomy":"category","embeddable":true,"href":"https:\/\/stendhal.fr\/index.php?rest_route=%2Fwp%2Fv2%2Fcategories&post=497"},{"taxonomy":"post_tag","embeddable":true,"href":"https:\/\/stendhal.fr\/index.php?rest_route=%2Fwp%2Fv2%2Ftags&post=497"}],"curies":[{"name":"wp","href":"https:\/\/api.w.org\/{rel}","templated":true}]}}