{"id":494,"date":"2009-06-01T10:06:59","date_gmt":"2009-06-01T09:06:59","guid":{"rendered":"http:\/\/www.stendhal.fr\/?p=494"},"modified":"2009-06-06T10:32:08","modified_gmt":"2009-06-06T09:32:08","slug":"colloque-stendhaltheatre","status":"publish","type":"post","link":"https:\/\/stendhal.fr\/?p=494","title":{"rendered":"Colloque Stendhal\/Th\u00e9\u00e2tre"},"content":{"rendered":"<p align=\"center\"><strong>Colloque Stendhal \/ th\u00e9\u00e2tre<\/strong><\/p>\n<p align=\"center\">Jeudi 11 juin 2009\u00a0\u00a0 Paris (75005)<\/p>\n<p align=\"center\">Avec le soutien du centre de recherche sur les po\u00e9tiques du XIX\u00e8me si\u00e8cle de l&rsquo;Universit\u00e9 Sorbonne Nouvelle-Paris III et en collaboration avec le Centre d&rsquo;Etudes Stendhaliennes et Romantiques, Universit\u00e9 Stendhal-Grenoble III.<\/p>\n<p align=\"center\">Maison de la Recherche, 4, rue des Irlandais, Paris 5\u00e8me<\/p>\n<p align=\"center\">&nbsp;<\/p>\n<p>\u00ab On ne voit pas nettement pourquoi Stendhal ne s&rsquo;est pas donn\u00e9 au th\u00e9\u00e2tre, auquel tout le destinait \u00bb (Val\u00e9ry) : cette interrogation perplexe illustre \u00e0 la fois l&rsquo;\u00e9vidence du lien qui unit Stendhal au th\u00e9\u00e2tre (et que Beyle met lui-m\u00eame en sc\u00e8ne en se disant pris d&rsquo;une vocation dramatique d\u00e8s l&rsquo;\u00e2ge de dix ans) et la force avec laquelle Stendhal romancier a \u00e9clips\u00e9 Stendhal dramaturge. Si Stendhal ne s&rsquo;est finalement pas donn\u00e9 exclusivement au th\u00e9\u00e2tre, il s&rsquo;y est toujours adonn\u00e9 : lecteur de th\u00e9\u00e2tre fervent, spectateur assidu \u2013 \u00e9pris des actrices autant que des textes, Stendhal a \u00e9t\u00e9 aussi un critique dramatique tour \u00e0 tour r\u00e9fl\u00e9chi et enflamm\u00e9, un po\u00e9ticien acharn\u00e9, un dramaturge assez prolifique quoique perp\u00e9tuellement insatisfait : ses \u00e9bauches remplissent plus de 700 feuillets du fonds Stendhal de la Biblioth\u00e8que de Grenoble, auxquels viennent s&rsquo;ajouter les nombreuses pages de journaux ou de correspondance qu&rsquo;il consacre au th\u00e9\u00e2tre.<\/p>\n<p>Colloque portant sur le th\u00e9\u00e2tre de Stendhal organis\u00e9 par<\/p>\n<li>Agathe Novak-Lechevalier<\/li>\n<li>Philippe Berthier<\/li>\n<li>Lucy Garnier<\/li>\n<li>Myriam Sfar<\/li>\n<p align=\"center\"><strong>PROGRAMME<\/strong><\/p>\n<p><strong>Jeudi 11 juin<\/strong><br \/>\n13\u00a0h\u00a030\u00a0: Accueil des participants et ouverture du colloque par Philippe Berthier (Universit\u00e9 Paris 3)<\/p>\n<p>14\u00a0h\u00a0: Francesco Spandri (Universit\u00e9 de Rome) : \u00ab\u00a0Le th\u00e9\u00e2tre fant\u00f4me\u00a0\u00bb<br \/>\nSources et influences<br \/>\nPr\u00e9sidente\u00a0: Marie-Rose Corredor (Universit\u00e9 Grenoble 3)<br \/>\n14\u00a0h\u00a030\u00a0: Muriel Bassou (Universit\u00e9 Grenoble 3)\u00a0: \u00ab\u00a0Critiques th\u00e9\u00e2trales \u00e0 quatre mains\u00a0: le duo Beyle-Crozet \u00e0 pied d\u2019\u00ab\u00a0\u0153uvres\u00a0\u00bb en 1811\u00a0\u00bb<\/p>\n<p>15\u00a0h\u00a0: Maurizio Melai (Universit\u00e9 de Pise) : \u00ab\u00a0Stendhal et la trag\u00e9die de la Restauration\u00a0\u00bb<\/p>\n<p>15\u00a0h\u00a030\u00a0: H\u00e9l\u00e8ne Spengler (Universit\u00e9 Grenoble 3) : \u00ab\u00a0Stendhal promoteur et critique de la \u201ctrag\u00e9die historique\u201d\u00a0\u00bb<\/p>\n<p>16\u00a0h\u00a030\u00a0: Laure L\u00e9v\u00eaque (Universit\u00e9 de Franche-Comt\u00e9) : \u00a0\u00ab\u00a0Lucien de Samosate et Stendhal\u00a0: dialogues des morts pour un auteur en qu\u00eate d\u2019art dramatique\u00a0\u00bb<\/p>\n<p>17\u00a0h\u00a0: C\u00e9cile Meynard (Universit\u00e9 de Grenoble 3) : \u00ab\u00a0Les Caract\u00e8res, sources d&rsquo;inspiration pour le th\u00e9\u00e2tre de Stendhal\u00a0\u00bb<br \/>\n<strong>Vendredi 12 juin<\/strong><br \/>\n\u201cRomanticisme\u201d et po\u00e9tique dramatique stendhalienne<br \/>\nPr\u00e9sident\u00a0: Fran\u00e7ois Vanoosthuyse (Universit\u00e9 Paris\u00a03)<br \/>\n9\u00a0h\u00a0: Michel Brix (Universit\u00e9 de Namur)\u00a0: \u00ab\u00a0Stendhal et la \u201cr\u00e9volution\u201d dramatique de 1830\u00a0\u00bb<br \/>\n9\u00a0h\u00a030\u00a0: \u00c9ric Avocat (Universit\u00e9 de Kyoto)\u00a0: <em>\u00a0\u00ab\u00a0Henri III<\/em>, fragment d\u2019un drame <em>romanticiste\u00a0<\/em>: purgation du <em>pathos <\/em>et mise \u00e0 nu des passions\u00a0\u00bb<\/p>\n<p>10\u00a0h\u00a0: Georges Kliebenstein (Universit\u00e9 de Nantes) : \u00ab\u00a0La Gloire et la Bosse\u00a0: Auguste G\u00e9limer <em>ad majorem gloriam<\/em> \u00bb<\/p>\n<p>11\u00a0h\u00a0: Serge Link\u00e8s (Universit\u00e9 de La Rochelle)\u00a0 : \u00ab\u00a0L\u2019invention dramatique chez Stendhal\u00a0: entre th\u00e9orie et pratique\u00a0\u00bb<\/p>\n<p>11\u00a0h 30\u00a0: Gisela Moinet (Association Stendhal Grenoble) : \u00ab\u00a0Le cahier de Letellier ou la com\u00e9die de l\u2019impossible \u00bb<br \/>\nLe th\u00e9\u00e2tre hors du th\u00e9\u00e2tre<br \/>\nPr\u00e9sident\u00a0: Jean-Jacques Hamm (Universit\u00e9 de Queen)<br \/>\n14\u00a0h\u00a030\u00a0: Catherine Mariette (Universit\u00e9 de Grenoble 3) : \u00ab\u00a0\u201cConserver le dramatique de la vie\u201d\u00a0: th\u00e9\u00e2tralit\u00e9 du quotidien dans le <em>Journal <\/em>(1802-1805)\u00a0\u00bb<\/p>\n<p>15\u00a0h\u00a0: Fran\u00e7ois Kerlouegan : \u00ab\u00a0L\u2019analogie th\u00e9\u00e2trale dans le discours sur l\u2019art\u00a0: l\u2019exemple du <em>Salon <\/em>de 1824\u00a0\u00bb<\/p>\n<p>16\u00a0h\u00a0: Yves Ansel\u00a0(Universit\u00e9 de Nantes) :\u00a0 \u00ab\u00a0Pourquoi Stendhal est un si bon lecteur, ou les le\u00e7ons de Moli\u00e8re\u00a0\u00bb<br \/>\nSamedi 13 juin<br \/>\nLe th\u00e9\u00e2tre et le roman<br \/>\nPr\u00e9sident\u00a0\u00a0: Christopher Thompson (Universit\u00e9 de Warwick)<br \/>\n9\u00a0h\u00a0: Maria Scott (Universit\u00e9 de Galway) : \u00ab\u00a0L&rsquo;authenticit\u00e9 des h\u00e9ro\u00efnes com\u00e9diennes de Stendhal\u00a0\u00bb<\/p>\n<p>9\u00a0h\u00a030\u00a0: Xavier Bourdenet (IUFM de Paris)\u00a0: \u00ab\u00a0De Ph\u00e8dre \u00e0 Gina\u00a0: pour une lecture racinienne de La Chartreuse de Parme\u00a0\u00bb<br \/>\nLe th\u00e9\u00e2tre\u2026 ou l\u2019op\u00e9ra<br \/>\n10\u00a0h\u00a030\u00a0: B\u00e9atrice Didier (\u00c9cole Normale Sup\u00e9rieure) : \u00ab\u00a0L\u2019esth\u00e9tique du livret d&rsquo;op\u00e9ra comique et d&rsquo;op\u00e9ra bouffe chez Stendhal\u00a0\u00bb<\/p>\n<p>11\u00a0h\u00a0: Suzel Esquier (Universit\u00e9 Paris IV)\u00a0: \u00ab\u00a0De Racine et Shakespeare aux Notes d\u2019un dilettante\u00a0: principes d\u2019une dramaturgie romantique\u00a0\u00bb<\/p>\n<p>11\u00a0h\u00a045\u00a0: Bilan\u00a0: Agathe Novak-Lechevalier (Universit\u00e9 Montpellier 3)<\/p>\n","protected":false},"excerpt":{"rendered":"<p>Colloque Stendhal \/ th\u00e9\u00e2tre Jeudi 11 juin 2009\u00a0\u00a0 Paris (75005) Avec le soutien du centre de recherche sur les po\u00e9tiques du XIX\u00e8me si\u00e8cle de l&rsquo;Universit\u00e9 Sorbonne Nouvelle-Paris III et en collaboration avec le Centre d&rsquo;Etudes Stendhaliennes et Romantiques, Universit\u00e9 Stendhal-Grenoble &hellip; <a href=\"https:\/\/stendhal.fr\/?p=494\">Continuer la lecture <span class=\"meta-nav\">&rarr;<\/span><\/a><\/p>\n","protected":false},"author":1,"featured_media":0,"comment_status":"closed","ping_status":"open","sticky":false,"template":"","format":"standard","meta":{"jetpack_post_was_ever_published":false,"_jetpack_newsletter_access":"","_jetpack_dont_email_post_to_subs":false,"_jetpack_newsletter_tier_id":0,"_jetpack_memberships_contains_paywalled_content":false,"_jetpack_memberships_contains_paid_content":false,"footnotes":"","jetpack_publicize_message":"","jetpack_publicize_feature_enabled":true,"jetpack_social_post_already_shared":false,"jetpack_social_options":{"image_generator_settings":{"template":"highway","default_image_id":0,"font":"","enabled":false},"version":2}},"categories":[6],"tags":[],"class_list":["post-494","post","type-post","status-publish","format-standard","hentry","category-colloques"],"jetpack_publicize_connections":[],"jetpack_featured_media_url":"","jetpack_sharing_enabled":true,"jetpack_shortlink":"https:\/\/wp.me\/p34K8b-7Y","jetpack_likes_enabled":true,"_links":{"self":[{"href":"https:\/\/stendhal.fr\/index.php?rest_route=\/wp\/v2\/posts\/494","targetHints":{"allow":["GET"]}}],"collection":[{"href":"https:\/\/stendhal.fr\/index.php?rest_route=\/wp\/v2\/posts"}],"about":[{"href":"https:\/\/stendhal.fr\/index.php?rest_route=\/wp\/v2\/types\/post"}],"author":[{"embeddable":true,"href":"https:\/\/stendhal.fr\/index.php?rest_route=\/wp\/v2\/users\/1"}],"replies":[{"embeddable":true,"href":"https:\/\/stendhal.fr\/index.php?rest_route=%2Fwp%2Fv2%2Fcomments&post=494"}],"version-history":[{"count":0,"href":"https:\/\/stendhal.fr\/index.php?rest_route=\/wp\/v2\/posts\/494\/revisions"}],"wp:attachment":[{"href":"https:\/\/stendhal.fr\/index.php?rest_route=%2Fwp%2Fv2%2Fmedia&parent=494"}],"wp:term":[{"taxonomy":"category","embeddable":true,"href":"https:\/\/stendhal.fr\/index.php?rest_route=%2Fwp%2Fv2%2Fcategories&post=494"},{"taxonomy":"post_tag","embeddable":true,"href":"https:\/\/stendhal.fr\/index.php?rest_route=%2Fwp%2Fv2%2Ftags&post=494"}],"curies":[{"name":"wp","href":"https:\/\/api.w.org\/{rel}","templated":true}]}}