{"id":493,"date":"2009-06-06T09:43:47","date_gmt":"2009-06-06T08:43:47","guid":{"rendered":"http:\/\/www.stendhal.fr\/?p=493"},"modified":"2009-06-06T09:48:57","modified_gmt":"2009-06-06T08:48:57","slug":"armance-ou-la-liberte-de-stendhal","status":"publish","type":"post","link":"https:\/\/stendhal.fr\/?p=493","title":{"rendered":"ARMANCE, OU LA LIBERTE DE STENDHAL"},"content":{"rendered":"<p align=\"center\">\n<iframe src=\"http:\/\/rcm-fr.amazon.fr\/e\/cm?t=sitesten-21&amp;o=8&amp;p=8&amp;l=as1&amp;asins=2745318071&amp;fc1=000000&amp;IS2=1&amp;lt1=_blank&amp;m=amazon&amp;lc1=0000FF&amp;bc1=000000&amp;bg1=FFFFFF&amp;f=ifr\" style=\"width: 120px; height: 240px\" marginwidth=\"0\" marginheight=\"0\" frameborder=\"0\" scrolling=\"no\"><\/iframe>\n<\/p>\n<p align=\"center\">\u00a0<em>Armance<\/em> ou la libert\u00e9 de Stendhal<\/p>\n<p align=\"center\">Jean-Jacques HAMM<\/p>\n<p>Ce livre propose une lecture des multiples facettes d&rsquo;un roman qui longtemps a \u00e9t\u00e9 d\u00e9consid\u00e9r\u00e9 par la critique, qui longtemps a \u00e9t\u00e9 lu \u00e0 partir, ou contre la lettre de Stendhal \u00e0 M\u00e9rim\u00e9e, cens\u00e9e fournir la cl\u00e9 de l&rsquo;histoire et du h\u00e9ros. <em>Armance<\/em>, \u0153uvre o\u00f9 le secret du h\u00e9ros devient le secret du roman, s&rsquo;organise autour d&rsquo;un vide central. Stendhal \u00e9crit par strates, plus ou moins d\u00e9velopp\u00e9es, plus ou moins permanentes. \u00c0 la question de l&rsquo;identit\u00e9 du h\u00e9ros, d&rsquo;un livre, d&rsquo;un auteur, question du \u00ab\u00a0Que diable es-tu ?\u00a0\u00bb, toute r\u00e9ponse univoque est contrecarr\u00e9e par la difficult\u00e9 ou l&rsquo;impossibilit\u00e9 d&rsquo;une cl\u00f4ture du sens. Ce travail se situe dans la lign\u00e9e d&rsquo;une po\u00e9tique des textes, concern\u00e9e \u00e0 la fois par la question de l&rsquo;organisation interne d&rsquo;une \u0153uvre et par la relation de celle-ci \u00e0 un contexte d&rsquo;histoire et de r\u00e9ception. Tout en faisant le point sur les lectures du roman, il propose de montrer dans son interpr\u00e9tation la richesse, l&rsquo;innovation et la libert\u00e9 que Stendhal apporte \u00e0 une \u0153uvre-synth\u00e8se d&rsquo;une forme nouvelle. Notre auteur, tent\u00e9 par une \u00e9criture paradigmatique, analogique, d\u00e9stabilise son propos afin d&rsquo;entra\u00eener le lecteur dans ce qu&rsquo;il appelle, en un autre lieu, une conversation infinie.<\/p>\n<p><a href=\"http:\/\/www.honorechampion.com\/\">CHAMPION<\/a> PARIS 27\/05\/2009 Collection Romantisme et Modernit\u00e9 280 pages Reli\u00e9 55 euros<\/p>\n<p>ISBN 9782745318077 EAN 9782745318077<\/p>\n","protected":false},"excerpt":{"rendered":"<p>\u00a0Armance ou la libert\u00e9 de Stendhal Jean-Jacques HAMM Ce livre propose une lecture des multiples facettes d&rsquo;un roman qui longtemps a \u00e9t\u00e9 d\u00e9consid\u00e9r\u00e9 par la critique, qui longtemps a \u00e9t\u00e9 lu \u00e0 partir, ou contre la lettre de Stendhal \u00e0 &hellip; <a href=\"https:\/\/stendhal.fr\/?p=493\">Continuer la lecture <span class=\"meta-nav\">&rarr;<\/span><\/a><\/p>\n","protected":false},"author":1,"featured_media":0,"comment_status":"closed","ping_status":"open","sticky":false,"template":"","format":"standard","meta":{"jetpack_post_was_ever_published":false,"_jetpack_newsletter_access":"","_jetpack_dont_email_post_to_subs":false,"_jetpack_newsletter_tier_id":0,"_jetpack_memberships_contains_paywalled_content":false,"_jetpack_memberships_contains_paid_content":false,"footnotes":"","jetpack_publicize_message":"","jetpack_publicize_feature_enabled":true,"jetpack_social_post_already_shared":false,"jetpack_social_options":{"image_generator_settings":{"template":"highway","default_image_id":0,"font":"","enabled":false},"version":2}},"categories":[2],"tags":[],"class_list":["post-493","post","type-post","status-publish","format-standard","hentry","category-nouvelles-publications"],"jetpack_publicize_connections":[],"jetpack_featured_media_url":"","jetpack_sharing_enabled":true,"jetpack_shortlink":"https:\/\/wp.me\/p34K8b-7X","jetpack_likes_enabled":true,"_links":{"self":[{"href":"https:\/\/stendhal.fr\/index.php?rest_route=\/wp\/v2\/posts\/493","targetHints":{"allow":["GET"]}}],"collection":[{"href":"https:\/\/stendhal.fr\/index.php?rest_route=\/wp\/v2\/posts"}],"about":[{"href":"https:\/\/stendhal.fr\/index.php?rest_route=\/wp\/v2\/types\/post"}],"author":[{"embeddable":true,"href":"https:\/\/stendhal.fr\/index.php?rest_route=\/wp\/v2\/users\/1"}],"replies":[{"embeddable":true,"href":"https:\/\/stendhal.fr\/index.php?rest_route=%2Fwp%2Fv2%2Fcomments&post=493"}],"version-history":[{"count":0,"href":"https:\/\/stendhal.fr\/index.php?rest_route=\/wp\/v2\/posts\/493\/revisions"}],"wp:attachment":[{"href":"https:\/\/stendhal.fr\/index.php?rest_route=%2Fwp%2Fv2%2Fmedia&parent=493"}],"wp:term":[{"taxonomy":"category","embeddable":true,"href":"https:\/\/stendhal.fr\/index.php?rest_route=%2Fwp%2Fv2%2Fcategories&post=493"},{"taxonomy":"post_tag","embeddable":true,"href":"https:\/\/stendhal.fr\/index.php?rest_route=%2Fwp%2Fv2%2Ftags&post=493"}],"curies":[{"name":"wp","href":"https:\/\/api.w.org\/{rel}","templated":true}]}}