{"id":492,"date":"2009-05-17T13:53:55","date_gmt":"2009-05-17T12:53:55","guid":{"rendered":"http:\/\/www.stendhal.fr\/?p=492"},"modified":"2009-05-17T13:54:49","modified_gmt":"2009-05-17T12:54:49","slug":"cycle-stendhal-aujourdhui-rencontre-avec-gerard-guegan","status":"publish","type":"post","link":"https:\/\/stendhal.fr\/?p=492","title":{"rendered":"Cycle Stendhal aujourd&rsquo;hui: rencontre avec G\u00e9rard Gu\u00e9gan"},"content":{"rendered":"<p align=\"center\"><strong>CYCLE STENDHAL AUJOURD\u2019HUI :<br \/>\nRENCONTRE AVEC G\u00c9RARD GU\u00c9GAN<\/strong><\/p>\n<p align=\"center\"><strong>Jeudi 4 Juin 2009<\/strong><br \/>\n<strong> \u00e0 la Biblioth\u00e8que municipale d\u2019\u00e9tude et d\u2019information<\/strong><\/p>\n<p>Depuis 2005, la Biblioth\u00e8que municipale de Grenoble a invit\u00e9 six auteurs \u00e0 \u00e9voquer leur lien \u00e0 Stendhal, qu\u2019il soit d\u2019inspiration, de sympathie ou de d\u00e9fiance. G\u00e9rard Gu\u00e9gan, lui, s\u2019inscrit nettement dans l\u2019affiliation : il a parsem\u00e9 dans plusieurs de ses romans les figures de Julien Sorel, de Madame de R\u00eanal, de Clelia Conti, de Pauline et de Stendhal lui-m\u00eame\u2026<\/p>\n<p>Contestataire pass\u00e9 du Parti Communiste Fran\u00e7ais au Situationnisme, G\u00e9rard Gu\u00e9gan est entr\u00e9 dans le monde \u00e9ditorial (\u00e9ditions du Sagittaire, \u00e9ditions Champ Libre\u2026), avant de devenir romancier, auteur de plus de vingt livres. Il ne cache pas sa filiation \u00e0 Stendhal, dont on peut retrouver la trace, par exemple, dans son roman <em>Soudain l\u2019amour<\/em> (Grasset, 2003) o\u00f9 le protagoniste, Maxime P\u00e9rier Lagrange, travaille sur le sc\u00e9nario d\u2019une fiction t\u00e9l\u00e9vis\u00e9e sur Stendhal ; ou encore, dans son enthousiaste et renseign\u00e9e pr\u00e9face \u00e0 la <em>Notice sur la vie et les ouvrages de Henri Beyle<\/em> r\u00e9dig\u00e9e par le cousin de Stendhal, Romain Colomb.<\/p>\n<p>Rencontre anim\u00e9e par Catherine Mariette, ma\u00eetre de conf\u00e9rences \u00e0 l\u2019universit\u00e9 Stendhal.<\/p>\n<p>Jeudi 4 juin 2009, 19 h 30.<\/p>\n<p>\u00c0 la Biblioth\u00e8que municipale d\u2019\u00e9tude et d\u2019information \/ 12, Bd Mar\u00e9chal Lyautey.<\/p>\n<p>Contact : 04 76 86 21 00.<\/p>\n<p>Entr\u00e9e libre.<\/p>\n","protected":false},"excerpt":{"rendered":"<p>CYCLE STENDHAL AUJOURD\u2019HUI : RENCONTRE AVEC G\u00c9RARD GU\u00c9GAN Jeudi 4 Juin 2009 \u00e0 la Biblioth\u00e8que municipale d\u2019\u00e9tude et d\u2019information Depuis 2005, la Biblioth\u00e8que municipale de Grenoble a invit\u00e9 six auteurs \u00e0 \u00e9voquer leur lien \u00e0 Stendhal, qu\u2019il soit d\u2019inspiration, de &hellip; <a href=\"https:\/\/stendhal.fr\/?p=492\">Continuer la lecture <span class=\"meta-nav\">&rarr;<\/span><\/a><\/p>\n","protected":false},"author":1,"featured_media":0,"comment_status":"closed","ping_status":"open","sticky":false,"template":"","format":"standard","meta":{"jetpack_post_was_ever_published":false,"_jetpack_newsletter_access":"","_jetpack_dont_email_post_to_subs":false,"_jetpack_newsletter_tier_id":0,"_jetpack_memberships_contains_paywalled_content":false,"_jetpack_memberships_contains_paid_content":false,"footnotes":"","jetpack_publicize_message":"","jetpack_publicize_feature_enabled":true,"jetpack_social_post_already_shared":false,"jetpack_social_options":{"image_generator_settings":{"template":"highway","default_image_id":0,"font":"","enabled":false},"version":2}},"categories":[4],"tags":[],"class_list":["post-492","post","type-post","status-publish","format-standard","hentry","category-conferences"],"jetpack_publicize_connections":[],"jetpack_featured_media_url":"","jetpack_sharing_enabled":true,"jetpack_shortlink":"https:\/\/wp.me\/p34K8b-7W","jetpack_likes_enabled":true,"_links":{"self":[{"href":"https:\/\/stendhal.fr\/index.php?rest_route=\/wp\/v2\/posts\/492","targetHints":{"allow":["GET"]}}],"collection":[{"href":"https:\/\/stendhal.fr\/index.php?rest_route=\/wp\/v2\/posts"}],"about":[{"href":"https:\/\/stendhal.fr\/index.php?rest_route=\/wp\/v2\/types\/post"}],"author":[{"embeddable":true,"href":"https:\/\/stendhal.fr\/index.php?rest_route=\/wp\/v2\/users\/1"}],"replies":[{"embeddable":true,"href":"https:\/\/stendhal.fr\/index.php?rest_route=%2Fwp%2Fv2%2Fcomments&post=492"}],"version-history":[{"count":0,"href":"https:\/\/stendhal.fr\/index.php?rest_route=\/wp\/v2\/posts\/492\/revisions"}],"wp:attachment":[{"href":"https:\/\/stendhal.fr\/index.php?rest_route=%2Fwp%2Fv2%2Fmedia&parent=492"}],"wp:term":[{"taxonomy":"category","embeddable":true,"href":"https:\/\/stendhal.fr\/index.php?rest_route=%2Fwp%2Fv2%2Fcategories&post=492"},{"taxonomy":"post_tag","embeddable":true,"href":"https:\/\/stendhal.fr\/index.php?rest_route=%2Fwp%2Fv2%2Ftags&post=492"}],"curies":[{"name":"wp","href":"https:\/\/api.w.org\/{rel}","templated":true}]}}