{"id":489,"date":"2009-05-04T08:46:10","date_gmt":"2009-05-04T07:46:10","guid":{"rendered":"http:\/\/www.stendhal.fr\/?p=489"},"modified":"2009-05-04T08:46:10","modified_gmt":"2009-05-04T07:46:10","slug":"la-chartreuse-de-parme-vue-par-bertolucci","status":"publish","type":"post","link":"https:\/\/stendhal.fr\/?p=489","title":{"rendered":"La Chartreuse de Parme vue par Bertolucci"},"content":{"rendered":"<p align=\"center\"><strong>STENDHAL AUJOURD\u2019HUI<br \/>\nSoci\u00e9t\u00e9 internationale d\u2019\u00e9tudes stendhaliennes<\/strong><\/p>\n<p align=\"left\">\n<p align=\"center\">Conf\u00e9rence de Mme Anne-Marie Baron<\/p>\n<p align=\"center\">\n\u00ab Ecueils et bonheurs de la transposition : <em>La Chartreuse de Parme<\/em> vue par Bertolucci \u00bb<br \/>\nJeudi 4 juin, 16-19h<br \/>\nUniversit\u00e9 Paris III<br \/>\nCentre Censier, 13, rue de Santeuil<br \/>\n75005 Paris<br \/>\nSalle 49 (Cin\u00e9math\u00e8que, rez-de-chauss\u00e9e)<\/p>\n","protected":false},"excerpt":{"rendered":"<p>STENDHAL AUJOURD\u2019HUI Soci\u00e9t\u00e9 internationale d\u2019\u00e9tudes stendhaliennes Conf\u00e9rence de Mme Anne-Marie Baron \u00ab Ecueils et bonheurs de la transposition : La Chartreuse de Parme vue par Bertolucci \u00bb Jeudi 4 juin, 16-19h Universit\u00e9 Paris III Centre Censier, 13, rue de Santeuil &hellip; <a href=\"https:\/\/stendhal.fr\/?p=489\">Continuer la lecture <span class=\"meta-nav\">&rarr;<\/span><\/a><\/p>\n","protected":false},"author":1,"featured_media":0,"comment_status":"closed","ping_status":"open","sticky":false,"template":"","format":"standard","meta":{"jetpack_post_was_ever_published":false,"_jetpack_newsletter_access":"","_jetpack_dont_email_post_to_subs":false,"_jetpack_newsletter_tier_id":0,"_jetpack_memberships_contains_paywalled_content":false,"_jetpack_memberships_contains_paid_content":false,"footnotes":"","jetpack_publicize_message":"","jetpack_publicize_feature_enabled":true,"jetpack_social_post_already_shared":false,"jetpack_social_options":{"image_generator_settings":{"template":"highway","default_image_id":0,"font":"","enabled":false},"version":2}},"categories":[4],"tags":[],"class_list":["post-489","post","type-post","status-publish","format-standard","hentry","category-conferences"],"jetpack_publicize_connections":[],"jetpack_featured_media_url":"","jetpack_sharing_enabled":true,"jetpack_shortlink":"https:\/\/wp.me\/p34K8b-7T","jetpack_likes_enabled":true,"_links":{"self":[{"href":"https:\/\/stendhal.fr\/index.php?rest_route=\/wp\/v2\/posts\/489","targetHints":{"allow":["GET"]}}],"collection":[{"href":"https:\/\/stendhal.fr\/index.php?rest_route=\/wp\/v2\/posts"}],"about":[{"href":"https:\/\/stendhal.fr\/index.php?rest_route=\/wp\/v2\/types\/post"}],"author":[{"embeddable":true,"href":"https:\/\/stendhal.fr\/index.php?rest_route=\/wp\/v2\/users\/1"}],"replies":[{"embeddable":true,"href":"https:\/\/stendhal.fr\/index.php?rest_route=%2Fwp%2Fv2%2Fcomments&post=489"}],"version-history":[{"count":0,"href":"https:\/\/stendhal.fr\/index.php?rest_route=\/wp\/v2\/posts\/489\/revisions"}],"wp:attachment":[{"href":"https:\/\/stendhal.fr\/index.php?rest_route=%2Fwp%2Fv2%2Fmedia&parent=489"}],"wp:term":[{"taxonomy":"category","embeddable":true,"href":"https:\/\/stendhal.fr\/index.php?rest_route=%2Fwp%2Fv2%2Fcategories&post=489"},{"taxonomy":"post_tag","embeddable":true,"href":"https:\/\/stendhal.fr\/index.php?rest_route=%2Fwp%2Fv2%2Ftags&post=489"}],"curies":[{"name":"wp","href":"https:\/\/api.w.org\/{rel}","templated":true}]}}