{"id":484,"date":"2009-03-04T14:22:05","date_gmt":"2009-03-04T13:22:05","guid":{"rendered":"http:\/\/www.stendhal.fr\/?p=484"},"modified":"2009-03-09T10:28:49","modified_gmt":"2009-03-09T09:28:49","slug":"michel-crouzet-la-poetique-de-stendhal","status":"publish","type":"post","link":"https:\/\/stendhal.fr\/?p=484","title":{"rendered":"Michel Crouzet La Po\u00e9tique de Stendhal"},"content":{"rendered":"<p align=\"center\">\u00a0 Slatkine Reprints<\/p>\n<p align=\"center\"><strong>Michel Crouzet<\/strong><br \/>\n<em><a href=\"http:\/\/www.honorechampion.com\/cgi\/run?wwfrset+3+0+1+2+cccdegtv1+08102068+1\" target=\"_blank\">La po\u00e9tique de Stendhal<\/a>.<\/em><br \/>\n<iframe src=\"http:\/\/rcm-fr.amazon.fr\/e\/cm?t=sitesten-21&amp;o=8&amp;p=8&amp;l=as1&amp;asins=B0014KAYH4&amp;fc1=000000&amp;IS2=1&amp;lt1=_blank&amp;m=amazon&amp;lc1=0000FF&amp;bc1=000000&amp;bg1=FFFFFF&amp;f=ifr\" style=\"width: 120px; height: 240px\" marginwidth=\"0\" marginheight=\"0\" frameborder=\"0\" scrolling=\"no\"><\/iframe><\/p>\n<p align=\"center\"><em>Forme et soci\u00e9t\u00e9. Le sublime (Essai sur la gen\u00e8se du romantisme I)<\/em><br \/>\nR\u00e9impression de l&rsquo;\u00e9dition de Flammarion, 1983<br \/>\n1 vol., 336 p., broch\u00e9, 15 x 22 cm. ISBN 978-2-05-102068-8. 47\n<\/p>\n<p align=\"center\">&nbsp;<\/p>\n<p align=\"left\"> Cet ouvrage s\u2019efforce \u00e0 partir du cas de Stendhal, \u00e9tudi\u00e9 dans ses d\u00e9buts litt\u00e9raires, ses premiers essais, de d\u00e9finir les modalit\u00e9s de la naissance du \u00ab\u00a0romantisme\u00a0\u00bb. Quand, comment, pourquoi, le jeune apprenti litt\u00e9raire de l\u2019\u00e9poque du Consulat, entre-t-il dans le romantisme ou dans la culture du romantisme si l\u2019on veut \u00e9largir le d\u00e9bat au-del\u00e0 des strictes dimensions d\u2019histoire et d\u2019\u00e9cole. II s\u2019agit donc, au travers des aventures d\u2019un obscur d\u00e9butant qui au reste n\u2019\u00e9crira rien avant des ann\u00e9es, de d\u00e9crire la gen\u00e8se d\u2019une nouvelle attitude litt\u00e9raire, ou d\u2019une nouvelle conception de la litt\u00e9rature. Dans ce premier volume, deux parties se font suite ; la premi\u00e8re cong\u00e9die le pass\u00e9 et \u00e9tudie l\u2019attitude de Stendhal vis-\u00e0-vis du \u00ab\u00a0classicisme\u00a0\u00bb, c\u2019est-\u00e0-dire de l\u2019\u00e9cole fran\u00e7aise du XVIIe si\u00e8cle, que le r\u00e9volt\u00e9 litt\u00e9raire rend \u00ab\u00a0relative\u00a0\u00bb, mais plus profond\u00e9ment vis \u00e0 vis de toute \u00ab\u00a0\u00e9cole\u00a0\u00bb, du fait m\u00eame de pouvoir constituer une communaut\u00e9 cr\u00e9atrice affili\u00e9e \u00e0 des principes ou \u00e0 des r\u00e8gles. Il en d\u00e9coule la deuxi\u00e8me partie qui \u00e9tudie le ralliement de Stendhal au principe po\u00e9tique que la tradition lui propose, et qui est \u00e0 la limite de toute po\u00e9tique possible, c\u2019est-\u00e0-dire le sublime. Ici la tradition tend la main \u00e0 la r\u00e9volution ; mais dans quelles conditions ?<\/p>\n<p align=\"center\"> <iframe src=\"http:\/\/rcm-fr.amazon.fr\/e\/cm?t=sitesten-21&amp;o=8&amp;p=8&amp;l=as1&amp;asins=2051020949&amp;fc1=000000&amp;IS2=1&amp;lt1=_blank&amp;m=amazon&amp;lc1=0000FF&amp;bc1=000000&amp;bg1=FFFFFF&amp;f=ifr\" style=\"width: 120px; height: 240px\" marginwidth=\"0\" marginheight=\"0\" frameborder=\"0\" scrolling=\"no\"><\/iframe><\/p>\n<p align=\"center\"><strong>Michel Crouzet<\/strong><em><br \/>\n<a href=\"http:\/\/www.honorechampion.com\/cgi\/run?wwfrset+3+0+1+2+cccdegtv1+08102094+1\" target=\"_blank\">Le Naturel, la gr\u00e2ce et le r\u00e9el dans la po\u00e9tique de Stendhal<\/a>\u00a0 (Essai sur la gen\u00e8se du romantisme II)<\/em><br \/>\nR\u00e9impression de l&rsquo;\u00e9dition de Flammarion, 1986<br \/>\n1 vol., 384p., broch\u00e9, 15 x 22 cm. ISBN 978-2-05-102094-7. 55\n<\/p>\n<p align=\"center\">&nbsp;<\/p>\n<p align=\"left\"> Que veulent dire des termes comme \u00ab\u00a0rh\u00e9torique\u00a0\u00bb et \u00ab\u00a0po\u00e9tique\u00a0\u00bb \u00e0 propos d\u2019un \u00e9crivain romantique, ou pour un Moderne exemplaire comme Stendhal ? R\u00e9pondre \u00e0 la question serait parvenir \u00e0 une certaine formalisation d\u2019une uvre qui se donne pour identique \u00e0 son auteur, ou \u00e0 la r\u00e9alit\u00e9, ou \u00e0 la spontan\u00e9it\u00e9 et au caprice. D\u00e9j\u00e0, le premier tome de La Po\u00e9tique de Stendhal avait montr\u00e9 que le Romantique (et le R\u00e9aliste, ici les deux grandes \u00e9coles se rejoignent) s\u2019\u00e9tait livr\u00e9 \u00e0 une critique politique de l\u2019univers formel, mais s\u2019\u00e9tait plac\u00e9 dans la dimension du Sublime, dans une tradition hors tradition, dans une cat\u00e9gorie \u00e0 la limite du formel et du pensable. Aussi paradoxaux, mais non moins fondateurs, vont appara\u00eetre ici ses rapports avec les principes insaisissables du Naturel, de la Gr\u00e2ce (c\u2019est le Corr\u00e8ge le meilleur t\u00e9moin d\u2019une po\u00e9tique gracieuse), le D\u00e9tail : autre legs du pass\u00e9 dont s\u2019empare la r\u00e9volution romantique de l\u2019\u00e9criture.<\/p>\n","protected":false},"excerpt":{"rendered":"<p>\u00a0 Slatkine Reprints Michel Crouzet La po\u00e9tique de Stendhal. Forme et soci\u00e9t\u00e9. Le sublime (Essai sur la gen\u00e8se du romantisme I) R\u00e9impression de l&rsquo;\u00e9dition de Flammarion, 1983 1 vol., 336 p., broch\u00e9, 15 x 22 cm. ISBN 978-2-05-102068-8. 47 &nbsp; &hellip; <a href=\"https:\/\/stendhal.fr\/?p=484\">Continuer la lecture <span class=\"meta-nav\">&rarr;<\/span><\/a><\/p>\n","protected":false},"author":1,"featured_media":0,"comment_status":"closed","ping_status":"open","sticky":false,"template":"","format":"standard","meta":{"jetpack_post_was_ever_published":false,"_jetpack_newsletter_access":"","_jetpack_dont_email_post_to_subs":false,"_jetpack_newsletter_tier_id":0,"_jetpack_memberships_contains_paywalled_content":false,"_jetpack_memberships_contains_paid_content":false,"footnotes":"","jetpack_publicize_message":"","jetpack_publicize_feature_enabled":true,"jetpack_social_post_already_shared":false,"jetpack_social_options":{"image_generator_settings":{"template":"highway","default_image_id":0,"font":"","enabled":false},"version":2}},"categories":[2],"tags":[],"class_list":["post-484","post","type-post","status-publish","format-standard","hentry","category-nouvelles-publications"],"jetpack_publicize_connections":[],"jetpack_featured_media_url":"","jetpack_sharing_enabled":true,"jetpack_shortlink":"https:\/\/wp.me\/p34K8b-7O","jetpack_likes_enabled":true,"_links":{"self":[{"href":"https:\/\/stendhal.fr\/index.php?rest_route=\/wp\/v2\/posts\/484","targetHints":{"allow":["GET"]}}],"collection":[{"href":"https:\/\/stendhal.fr\/index.php?rest_route=\/wp\/v2\/posts"}],"about":[{"href":"https:\/\/stendhal.fr\/index.php?rest_route=\/wp\/v2\/types\/post"}],"author":[{"embeddable":true,"href":"https:\/\/stendhal.fr\/index.php?rest_route=\/wp\/v2\/users\/1"}],"replies":[{"embeddable":true,"href":"https:\/\/stendhal.fr\/index.php?rest_route=%2Fwp%2Fv2%2Fcomments&post=484"}],"version-history":[{"count":0,"href":"https:\/\/stendhal.fr\/index.php?rest_route=\/wp\/v2\/posts\/484\/revisions"}],"wp:attachment":[{"href":"https:\/\/stendhal.fr\/index.php?rest_route=%2Fwp%2Fv2%2Fmedia&parent=484"}],"wp:term":[{"taxonomy":"category","embeddable":true,"href":"https:\/\/stendhal.fr\/index.php?rest_route=%2Fwp%2Fv2%2Fcategories&post=484"},{"taxonomy":"post_tag","embeddable":true,"href":"https:\/\/stendhal.fr\/index.php?rest_route=%2Fwp%2Fv2%2Ftags&post=484"}],"curies":[{"name":"wp","href":"https:\/\/api.w.org\/{rel}","templated":true}]}}