{"id":476,"date":"2008-12-19T10:50:31","date_gmt":"2008-12-19T09:50:31","guid":{"rendered":"http:\/\/www.stendhal.fr\/?p=476"},"modified":"2008-12-19T10:56:27","modified_gmt":"2008-12-19T09:56:27","slug":"lannee-stendhalienne-n%c2%b07","status":"publish","type":"post","link":"https:\/\/stendhal.fr\/?p=476","title":{"rendered":"L&rsquo;ANNEE STENDHALIENNE N\u00b07"},"content":{"rendered":"<p align=\"center\">&nbsp;<\/p>\n<p align=\"center\">\u00c9DITIONS HONOR\u00c9 CHAMPION<br \/>\n3 rue Corneille 75006 Paris &#8211; <a href=\"http:\/\/champion@honorechampion.com\/\" title=\"Editions Champion\">champion@honorechampion.com <\/a>\n<\/p>\n<p align=\"center\">L&rsquo;ANNEE STENDHALIENNE N\u00b07<\/p>\n<p align=\"center\"><em><strong>Stendhal dialoguiste<\/strong><\/em><br \/>\n2008. 1 vol., 448 p., broch\u00e9, 15 x 22 cm. ISBN 978-2-7453-1709-4. 35 \u20ac<\/p>\n<p align=\"center\">\n<iframe src=\"http:\/\/rcm-fr.amazon.fr\/e\/cm?t=sitesten-21&amp;o=8&amp;p=8&amp;l=as1&amp;asins=2745317091&amp;fc1=000000&amp;IS2=1&amp;lt1=_blank&amp;m=amazon&amp;lc1=0000FF&amp;bc1=000000&amp;bg1=FFFFFF&amp;f=ifr\" style=\"width: 120px; height: 240px\" marginwidth=\"0\" marginheight=\"0\" scrolling=\"no\" frameborder=\"0\"><\/iframe><\/p>\n<p align=\"left\"> Les treize articles qui suivent constituent les Actes du colloque <em>Stendhal dialoguiste<\/em> qui s&rsquo;est tenu \u00e0 l&rsquo;\u00c9cole Normale Sup\u00e9rieure les 15 et 16 septembre 2005. Une bonne partie des intervenants ont \u00e9t\u00e9 \u00e0 l&rsquo;origine, en 2003, de la cr\u00e9ation du \u00ab\u00a0S\u00e9minaire Stendhal\u00a0\u00bb, s\u00e9minaire de \u00ab\u00a0jeunes chercheurs\u00a0\u00bb plac\u00e9 sous le parrainage de B\u00e9atrice Didier, de Philippe Berthier et de Marie Rose Corredor. Le d\u00e9partement \u00ab\u00a0Litt\u00e9rature et langages\u00a0\u00bb de l&rsquo;ENS, l&rsquo;\u00e9quipe \u00ab\u00a0Litt\u00e9rature et histoires\u00a0\u00bb de l&rsquo;Universit\u00e9 Paris 8, avec l&rsquo;aide amicale et toujours pr\u00e9cieuse de Jacques Neefs, et le Centre d&rsquo;\u00c9tudes Stendhaliennes et Romantiques de l&rsquo;Universit\u00e9s Stendhal \u2013 Grenoble III ont rendu ce colloque possible. Qu&rsquo;ils en soient, une nouvelle fois, remerci\u00e9s.<br \/>\nYves ANSEL, <em>Dialogue, dialogisme, pol\u00e9mique<\/em>. Marie PARMENTIER, <em>Le dialogue avec le lecteur : de la conversation au trompe-l\u2019\u0153il<\/em>. Laure LASSAGNE, <em>\u00ab\u00a0R\u00e9pondit-il \u00e0 l\u2019interrupteur\u00a0\u00bb. Paradoxe d\u2019un monologue dialogal.<\/em> Xavier BOURDENET, <em>Dialogue et pol\u00e9mique litt\u00e9raire dans<\/em> Racine et Shakespeare. Eric AVOCAT, <em>Th\u00e9orie et pratique du th\u00e9\u00e2tre chez Stendhal : un novateur saisi par la tradition. <\/em>B\u00e9atrice DIDIER, <em>Le dialogue dans le <\/em>Journal <em>de Stendhal.<\/em> Marie DE GANDT, <em>Du cercle de parole au for int\u00e9rieur : les mod\u00e8les du dialogue stendhalien<\/em>. Amina RACHID, Armance :<em> th\u00e9\u00e2tralit\u00e9 de la parole et repli sur soi<\/em>. Francesco SPANDRI, <em>Dialogisme et \u00e9gotisme auctorial. <\/em>Rania FATHY, <em>Dialogue et narration dans <\/em>Le Rouge et le Noir : <em>continuit\u00e9 et\/ou rupture ?<\/em> Eric BORDAS, <em>Parlures stendhaliennes<\/em>. Agathe NOVAK LECHEVALIER, <em>Dialogues en sc\u00e8ne : la th\u00e9\u00e2tralit\u00e9 des dialogues dans les romans de Stendhal.<\/em> Fran\u00e7oisVanoosthuyse, <em>Du dialogue comme composition sonore<\/em>. Yoshitaka UCHIDA, <em>Analyse du manuscrit de <\/em>San Francesco a Ripa. Yves ANSEL, <em>Soci\u00e9t\u00e9 et vie de cour dans<\/em> La Chartreuse de Parme. Marie PARMENTIER, <em>Comment placer sa voix ? Les narrateurs de <\/em>Lamiel. Kichiro KAJINO, <em>\u00ab\u00a0Stendhal\u00a0\u00bb chez Prosper M\u00e9rim\u00e9e apr\u00e8s 1842<\/em>. NOTES ET DOCUMENTS. Jacques HOUBERT, <em>\u00c9v\u00e9nement : le manuscrit d&rsquo;un \u00ab\u00a0fragment divers\u00a0\u00bb de<\/em> De l&rsquo;Amour <em>entre \u00e0 Grenoble. Quatre lettres in\u00e9dites de Stendhal. Pr\u00e9cisions v\u00e9tilleuses sur<\/em> La Chartreuse de Parme. <em>\u00ab\u00a0Ah Dieu ! Que la guerre est jolie\u00a0\u00bb. Stendhal et Apollinaire au feu. Une anecdote stendhalienne racont\u00e9e par Mme de Tracy<\/em>. \u00c9lisabeth EDL, Wolfgang MATZ, <em>Un sonnet de P\u00e9trarque dans <\/em>La Chartreuse de Parme. Jacques HOUBERT, <em>Une anecdote stendhalienne dans <\/em>La Chartreuse de Parme. CHRONIQUE : Philippe BERTHIER.<\/p>\n","protected":false},"excerpt":{"rendered":"<p>&nbsp; \u00c9DITIONS HONOR\u00c9 CHAMPION 3 rue Corneille 75006 Paris &#8211; champion@honorechampion.com L&rsquo;ANNEE STENDHALIENNE N\u00b07 Stendhal dialoguiste 2008. 1 vol., 448 p., broch\u00e9, 15 x 22 cm. ISBN 978-2-7453-1709-4. 35 \u20ac Les treize articles qui suivent constituent les Actes du colloque &hellip; <a href=\"https:\/\/stendhal.fr\/?p=476\">Continuer la lecture <span class=\"meta-nav\">&rarr;<\/span><\/a><\/p>\n","protected":false},"author":1,"featured_media":0,"comment_status":"closed","ping_status":"open","sticky":false,"template":"","format":"standard","meta":{"jetpack_post_was_ever_published":false,"_jetpack_newsletter_access":"","_jetpack_dont_email_post_to_subs":false,"_jetpack_newsletter_tier_id":0,"_jetpack_memberships_contains_paywalled_content":false,"_jetpack_memberships_contains_paid_content":false,"footnotes":"","jetpack_publicize_message":"","jetpack_publicize_feature_enabled":true,"jetpack_social_post_already_shared":false,"jetpack_social_options":{"image_generator_settings":{"template":"highway","default_image_id":0,"font":"","enabled":false},"version":2}},"categories":[2],"tags":[],"class_list":["post-476","post","type-post","status-publish","format-standard","hentry","category-nouvelles-publications"],"jetpack_publicize_connections":[],"jetpack_featured_media_url":"","jetpack_sharing_enabled":true,"jetpack_shortlink":"https:\/\/wp.me\/p34K8b-7G","jetpack_likes_enabled":true,"_links":{"self":[{"href":"https:\/\/stendhal.fr\/index.php?rest_route=\/wp\/v2\/posts\/476","targetHints":{"allow":["GET"]}}],"collection":[{"href":"https:\/\/stendhal.fr\/index.php?rest_route=\/wp\/v2\/posts"}],"about":[{"href":"https:\/\/stendhal.fr\/index.php?rest_route=\/wp\/v2\/types\/post"}],"author":[{"embeddable":true,"href":"https:\/\/stendhal.fr\/index.php?rest_route=\/wp\/v2\/users\/1"}],"replies":[{"embeddable":true,"href":"https:\/\/stendhal.fr\/index.php?rest_route=%2Fwp%2Fv2%2Fcomments&post=476"}],"version-history":[{"count":0,"href":"https:\/\/stendhal.fr\/index.php?rest_route=\/wp\/v2\/posts\/476\/revisions"}],"wp:attachment":[{"href":"https:\/\/stendhal.fr\/index.php?rest_route=%2Fwp%2Fv2%2Fmedia&parent=476"}],"wp:term":[{"taxonomy":"category","embeddable":true,"href":"https:\/\/stendhal.fr\/index.php?rest_route=%2Fwp%2Fv2%2Fcategories&post=476"},{"taxonomy":"post_tag","embeddable":true,"href":"https:\/\/stendhal.fr\/index.php?rest_route=%2Fwp%2Fv2%2Ftags&post=476"}],"curies":[{"name":"wp","href":"https:\/\/api.w.org\/{rel}","templated":true}]}}