{"id":474,"date":"2008-11-16T12:25:16","date_gmt":"2008-11-16T11:25:16","guid":{"rendered":"http:\/\/www.stendhal.fr\/?p=474"},"modified":"2008-11-16T12:30:09","modified_gmt":"2008-11-16T11:30:09","slug":"hb-revue-internationale-d%e2%80%99etudes-stendhaliennes-n%c2%b011-12-2007-2008","status":"publish","type":"post","link":"https:\/\/stendhal.fr\/?p=474","title":{"rendered":"HB Revue internationale d\u2019\u00e9tudes stendhaliennes N\u00b011-12 \/2007-2008"},"content":{"rendered":"<p align=\"center\"><strong>HB Revue internationale d\u2019\u00e9tudes stendhaliennes<br \/>\nN\u00b011-12 \/2007-2008<\/strong><a href=\"mailto:euredit@yahoo.fr\" title=\"Euredit\" target=\"_blank\"><strong><br \/>\nEUREDIT<\/strong><\/a><\/p>\n<p align=\"center\">\n<strong>Sommaire<\/strong><\/p>\n<p align=\"left\"><em>Dossier<\/em><br \/>\nStendhal, M\u00e9rim\u00e9e et les \u00e9crivains romantiques : le sang, la violence et la mort. Textes r\u00e9unis par Michel Arrous<br \/>\nMax Andr\u00e9oli, \u00ab Visions romantiques de la Terreur \u00bb ; Sylvain Ledda, \u00ab Repr\u00e9senter la mort sur la sc\u00e8ne romantique : enjeux et pol\u00e9miques \u00bb ; Merete Gerlach Nielsen, \u00ab La violence et la mort chez quelques \u00e9crivains danois ou M\u00e9rim\u00e9e en Danemark \u00bb ; Marie Makropoulou, \u00ab <em>La Vie errante<\/em> ou la prescience d\u2019une mort heureuse \u00bb ; Claudie Bernard, \u00ab Des loups et des hommes : l\u2019expression de la justice dans <em>Madame Putiphar<\/em> de P\u00e9trus Borel le lycanthrope \u00bb; Fabienne Bercegol, \u00ab Des <em>Natchez <\/em>aux <em>Martyrs<\/em> : violence de l\u2019\u00e9ros dans l\u2019\u0153uvre de Chateaubriand \u00bb ; Christine Marcandier, \u00ab <em>Le Gai savoir <\/em>romantique de la violence (M\u00e9rim\u00e9e, Stendhal) \u00bb ; Jacques Birnberg, \u00ab <em>Les Cenci<\/em> au confluent des l\u00e9gendes, des mythes et des th\u00e8mes romantiques \u00bb ; Fran\u00e7ois G\u00e9al, \u00ab Une po\u00e9tique du saisissement : les derniers instants du condamn\u00e9 \u00e0 mort dans la IIe lettre d\u2019Espagne (\u00ab Une ex\u00e9cution \u00bb) ; Thierry Ozwald, \u00ab La <em>Chronique du r\u00e8gne de Charles IX<\/em> : n\u00e9vrose individuelle et psychose collective \u00bb ; H\u00e9l\u00e8ne Spengler, \u00ab<em> Barbarus hic ego sum quia non intelligor illis<\/em>. Stendhal ou l\u2019autre romantisme \u00bb ; Clarisse R\u00e9qu\u00e9na, \u00ab La corrida : une trag\u00e9die romantique ? Prosper M\u00e9rim\u00e9e \u00e0 cinq heures de l\u2019apr\u00e8s-midi \u00bb ; Joseph-Marc Bailb\u00e9, \u00ab Le Don Juan de M\u00e9rim\u00e9e : la violence et le sacr\u00e9 \u00bb ;\u00a0\u00a0 Andr\u00e9e Mansau, \u00ab Tombes de femmes \u00e0 Rome \u00bb ; Suzel Esquier, \u00ab La Mise en sc\u00e8ne de la mort dans l\u2019op\u00e9ra <em>Otello<\/em> de Rossini et ses r\u00e9sonances stendhaliennes \u00bb ; Liliane Lascoux, \u00ab Les Registres de l\u2019exc\u00e8s dans <em>Carmen<\/em>, de M\u00e9rim\u00e9e \u00e0 Bizet \u00bb ; Fanny B\u00e9rat-Esquier, \u00ab Baudelaire et Stendhal critiques d\u2019art autour de la figure de Delacroix : le \u00ab sauvage \u00bb en peinture \u00bb<br \/>\n<em>Varia<\/em><br \/>\nJean-Jacques Hamm, \u00ab Religion et ath\u00e9isme chez Stendhal : langue, discours, formes \u00bb ; Ferdinand Collier, \u00ab Le Transfert <em>beyliste<\/em> de Nietzche \u00bb ; Andrey D. Mikha\u00eflov, \u00ab <em>La Dame de pique<\/em> de Pouchkine traduite par Prosper M\u00e9rim\u00e9e \u00bb ; Marthe Peyroux, \u00ab Mozart \u00e0 Salzbourg \u00bb<br \/>\n<em>Notes<\/em><br \/>\nJacques Dubois, \u00ab \u00c9rotique et politique dans les romans de Stendhal \u00bb ; Clarisse R\u00e9qu\u00e9na, \u00ab Vie et destin de Colomba Carabelli-Bartoli \u00bb ; Elisabeth Catala-Blondel, \u00ab \u00catre sur l\u2019\u0153il \u00bb ; Elisabeth Scheele, \u00ab In memoriam. Mich\u00e8le Moran\u00e7ay-Vaillant \u00bb.<\/p>\n","protected":false},"excerpt":{"rendered":"<p>HB Revue internationale d\u2019\u00e9tudes stendhaliennes N\u00b011-12 \/2007-2008 EUREDIT Sommaire Dossier Stendhal, M\u00e9rim\u00e9e et les \u00e9crivains romantiques : le sang, la violence et la mort. Textes r\u00e9unis par Michel Arrous Max Andr\u00e9oli, \u00ab Visions romantiques de la Terreur \u00bb ; Sylvain &hellip; <a href=\"https:\/\/stendhal.fr\/?p=474\">Continuer la lecture <span class=\"meta-nav\">&rarr;<\/span><\/a><\/p>\n","protected":false},"author":1,"featured_media":0,"comment_status":"closed","ping_status":"open","sticky":false,"template":"","format":"standard","meta":{"jetpack_post_was_ever_published":false,"_jetpack_newsletter_access":"","_jetpack_dont_email_post_to_subs":false,"_jetpack_newsletter_tier_id":0,"_jetpack_memberships_contains_paywalled_content":false,"_jetpack_memberships_contains_paid_content":false,"footnotes":"","jetpack_publicize_message":"","jetpack_publicize_feature_enabled":true,"jetpack_social_post_already_shared":false,"jetpack_social_options":{"image_generator_settings":{"template":"highway","default_image_id":0,"font":"","enabled":false},"version":2}},"categories":[2],"tags":[],"class_list":["post-474","post","type-post","status-publish","format-standard","hentry","category-nouvelles-publications"],"jetpack_publicize_connections":[],"jetpack_featured_media_url":"","jetpack_sharing_enabled":true,"jetpack_shortlink":"https:\/\/wp.me\/p34K8b-7E","jetpack_likes_enabled":true,"_links":{"self":[{"href":"https:\/\/stendhal.fr\/index.php?rest_route=\/wp\/v2\/posts\/474","targetHints":{"allow":["GET"]}}],"collection":[{"href":"https:\/\/stendhal.fr\/index.php?rest_route=\/wp\/v2\/posts"}],"about":[{"href":"https:\/\/stendhal.fr\/index.php?rest_route=\/wp\/v2\/types\/post"}],"author":[{"embeddable":true,"href":"https:\/\/stendhal.fr\/index.php?rest_route=\/wp\/v2\/users\/1"}],"replies":[{"embeddable":true,"href":"https:\/\/stendhal.fr\/index.php?rest_route=%2Fwp%2Fv2%2Fcomments&post=474"}],"version-history":[{"count":0,"href":"https:\/\/stendhal.fr\/index.php?rest_route=\/wp\/v2\/posts\/474\/revisions"}],"wp:attachment":[{"href":"https:\/\/stendhal.fr\/index.php?rest_route=%2Fwp%2Fv2%2Fmedia&parent=474"}],"wp:term":[{"taxonomy":"category","embeddable":true,"href":"https:\/\/stendhal.fr\/index.php?rest_route=%2Fwp%2Fv2%2Fcategories&post=474"},{"taxonomy":"post_tag","embeddable":true,"href":"https:\/\/stendhal.fr\/index.php?rest_route=%2Fwp%2Fv2%2Ftags&post=474"}],"curies":[{"name":"wp","href":"https:\/\/api.w.org\/{rel}","templated":true}]}}