{"id":439,"date":"2008-05-16T18:26:56","date_gmt":"2008-05-16T17:26:56","guid":{"rendered":"http:\/\/jy.reysset.free.fr\/wordpress\/?p=439"},"modified":"2008-07-09T11:14:14","modified_gmt":"2008-07-09T10:14:14","slug":"les-memoires-d%e2%80%99un-touriste-1838-2008%c2%ab-ce-beau-mot-de-paradoxe%e2%80%a6-%c2%bb-stendhal-et-la-france","status":"publish","type":"post","link":"https:\/\/stendhal.fr\/?p=439","title":{"rendered":"Les M\u00e9moires d\u2019un touriste, 1838-2008\u00ab ce beau mot de paradoxe\u2026 \u00bb : Stendhal et la France"},"content":{"rendered":"<p align=\"center\">  STENDHAL AUJOURD\u2019HUI<\/p>\n<p align=\"center\">Journ\u00e9e d\u2019\u00e9tude, 24 mai 2008, 10h-16h<br \/>\nUniversit\u00e9 de Paris-Sorbonne, Paris IV, amphith\u00e9\u00e2tre Chasles<\/p>\n<p align=\"center\">Les <em>M\u00e9moires d\u2019un touriste<\/em>, 1838-2008<br \/>\n\u00ab ce beau mot de paradoxe\u2026 \u00bb : Stendhal et la France\n<\/p>\n<p align=\"center\">[contact : michelarrous@club-internet.fr]<\/p>\n","protected":false},"excerpt":{"rendered":"<p>STENDHAL AUJOURD\u2019HUI Journ\u00e9e d\u2019\u00e9tude, 24 mai 2008, 10h-16h Universit\u00e9 de Paris-Sorbonne, Paris IV, amphith\u00e9\u00e2tre Chasles Les M\u00e9moires d\u2019un touriste, 1838-2008 \u00ab ce beau mot de paradoxe\u2026 \u00bb : Stendhal et la France [contact : michelarrous@club-internet.fr]<\/p>\n","protected":false},"author":1,"featured_media":0,"comment_status":"closed","ping_status":"open","sticky":false,"template":"","format":"standard","meta":{"jetpack_post_was_ever_published":false,"_jetpack_newsletter_access":"","_jetpack_dont_email_post_to_subs":false,"_jetpack_newsletter_tier_id":0,"_jetpack_memberships_contains_paywalled_content":false,"_jetpack_memberships_contains_paid_content":false,"footnotes":"","jetpack_publicize_message":"","jetpack_publicize_feature_enabled":true,"jetpack_social_post_already_shared":false,"jetpack_social_options":{"image_generator_settings":{"template":"highway","default_image_id":0,"font":"","enabled":false},"version":2}},"categories":[6],"tags":[],"class_list":["post-439","post","type-post","status-publish","format-standard","hentry","category-colloques"],"jetpack_publicize_connections":[],"jetpack_featured_media_url":"","jetpack_sharing_enabled":true,"jetpack_shortlink":"https:\/\/wp.me\/p34K8b-75","jetpack_likes_enabled":true,"_links":{"self":[{"href":"https:\/\/stendhal.fr\/index.php?rest_route=\/wp\/v2\/posts\/439","targetHints":{"allow":["GET"]}}],"collection":[{"href":"https:\/\/stendhal.fr\/index.php?rest_route=\/wp\/v2\/posts"}],"about":[{"href":"https:\/\/stendhal.fr\/index.php?rest_route=\/wp\/v2\/types\/post"}],"author":[{"embeddable":true,"href":"https:\/\/stendhal.fr\/index.php?rest_route=\/wp\/v2\/users\/1"}],"replies":[{"embeddable":true,"href":"https:\/\/stendhal.fr\/index.php?rest_route=%2Fwp%2Fv2%2Fcomments&post=439"}],"version-history":[{"count":0,"href":"https:\/\/stendhal.fr\/index.php?rest_route=\/wp\/v2\/posts\/439\/revisions"}],"wp:attachment":[{"href":"https:\/\/stendhal.fr\/index.php?rest_route=%2Fwp%2Fv2%2Fmedia&parent=439"}],"wp:term":[{"taxonomy":"category","embeddable":true,"href":"https:\/\/stendhal.fr\/index.php?rest_route=%2Fwp%2Fv2%2Fcategories&post=439"},{"taxonomy":"post_tag","embeddable":true,"href":"https:\/\/stendhal.fr\/index.php?rest_route=%2Fwp%2Fv2%2Ftags&post=439"}],"curies":[{"name":"wp","href":"https:\/\/api.w.org\/{rel}","templated":true}]}}