{"id":437,"date":"2008-05-12T10:39:18","date_gmt":"2008-05-12T09:39:18","guid":{"rendered":"http:\/\/jy.reysset.free.fr\/wordpress\/?p=437"},"modified":"2008-07-09T11:13:30","modified_gmt":"2008-07-09T10:13:30","slug":"limage-du-nord-chez-stendhal-et-les-romantiques-4","status":"publish","type":"post","link":"https:\/\/stendhal.fr\/?p=437","title":{"rendered":"L&rsquo;Image du Nord chez Stendhal et les romantiques 4"},"content":{"rendered":"<p align=\"center\"><strong>L&rsquo;Image du Nord chez Stendhal et les romantiques volume 4<\/strong><\/p>\n<p align=\"center\">Texte r\u00e9unis par Kajsa Andersson<\/p>\n<p align=\"center\">Humanistica Oerebroensia. Artes et linguae nr 13<\/p>\n<p align=\"center\"><a href=\"http:\/\/www.ub.oru.se\/\" target=\"_blank\">http:\/\/www.ub.oru.se <\/a><\/p>\n<p align=\"center\">470 p.<\/p>\n<p align=\"center\">32 euros<\/p>\n<p align=\"center\"><a href=\"http:\/\/jy.reysset.free.fr\/wordpress\/wp-content\/2008\/06\/image002.png\" title=\"image002.png\"><img decoding=\"async\" src=\"http:\/\/jy.reysset.free.fr\/wordpress\/wp-content\/2008\/06\/image002.thumbnail.png\" alt=\"image002.png\" \/><\/a><\/p>\n<p align=\"left\"> Ce volume, suite d&rsquo;articles consacr\u00e9s \u00e0 l&rsquo;Europe du Nord, r\u00e9pond \u00e0 une remarque faite par le Professeur Michel Crouzet. \u00ab Le grand dualisme Nord-Midi si profond dans le romantisme europ\u00e9en et plus g\u00e9n\u00e9ralement dans le XIXe si\u00e8cle instaure une vision de l&rsquo;homme fond\u00e9e sur la diff\u00e9rence \u00bb.<br \/>\nC&rsquo;est ainsi qu&rsquo;un certain nombre de romans, de nouvelles, de po\u00e8mes de cette \u00e9poque s&rsquo;appliquent \u00e0 montrer, \u00e0 d\u00e9montrer, l&rsquo;affrontement ou l&rsquo;union des diff\u00e9rences Nord-Sud si importantes qu&rsquo;on peut les retrouver au-del\u00e0 de l&rsquo;Europe jusqu&rsquo;en Am\u00e9rique, voire les d\u00e9couvrir entre l&rsquo;Orient et l&rsquo;Occident. Cet \u00e9tat de fait a servi de socle \u00e0 la majorit\u00e9 des textes r\u00e9pondant \u00e0 la question th\u00e9matique pos\u00e9e.<br \/>\nVous allez donc d\u00e9couvrir des voix contemporaines venues du Nord, du Sud, de l&rsquo;Ouest, de l&rsquo;Est de l&rsquo;Europe, chacune soucieuse de mettre en \u00e9vidence, avec son bagage sp\u00e9cifique, cet antagonisme, mieux de l&rsquo;analyser au moyen d&rsquo;illustrations litt\u00e9raires emprunt\u00e9es au XIXe si\u00e8cle. La conclusion ne fait pas de doute. L&rsquo;Europe du Nord se caract\u00e9risait par une originalit\u00e9 pressentie intangible par certains r\u00e9dacteurs des articles.<\/p>\n<p>On peut se procurer cet ouvrage en prenant directement contact avec madame:<\/p>\n<p>KAJSA ANDERSSON<br \/>\nStryrmansgatan 37<br \/>\nSE- 1144 54 STOCKHOLM<\/p>\n<p>Mail:  kajsa_andersson2001@yahoo.se\n<\/p>\n<p align=\"left\">&nbsp;<\/p>\n","protected":false},"excerpt":{"rendered":"<p>L&rsquo;Image du Nord chez Stendhal et les romantiques volume 4 Texte r\u00e9unis par Kajsa Andersson Humanistica Oerebroensia. Artes et linguae nr 13 http:\/\/www.ub.oru.se 470 p. 32 euros Ce volume, suite d&rsquo;articles consacr\u00e9s \u00e0 l&rsquo;Europe du Nord, r\u00e9pond \u00e0 une remarque &hellip; <a href=\"https:\/\/stendhal.fr\/?p=437\">Continuer la lecture <span class=\"meta-nav\">&rarr;<\/span><\/a><\/p>\n","protected":false},"author":1,"featured_media":0,"comment_status":"closed","ping_status":"open","sticky":false,"template":"","format":"standard","meta":{"jetpack_post_was_ever_published":false,"_jetpack_newsletter_access":"","_jetpack_dont_email_post_to_subs":false,"_jetpack_newsletter_tier_id":0,"_jetpack_memberships_contains_paywalled_content":false,"_jetpack_memberships_contains_paid_content":false,"footnotes":"","jetpack_publicize_message":"","jetpack_publicize_feature_enabled":true,"jetpack_social_post_already_shared":false,"jetpack_social_options":{"image_generator_settings":{"template":"highway","default_image_id":0,"font":"","enabled":false},"version":2}},"categories":[2],"tags":[],"class_list":["post-437","post","type-post","status-publish","format-standard","hentry","category-nouvelles-publications"],"jetpack_publicize_connections":[],"jetpack_featured_media_url":"","jetpack_sharing_enabled":true,"jetpack_shortlink":"https:\/\/wp.me\/p34K8b-73","jetpack_likes_enabled":true,"_links":{"self":[{"href":"https:\/\/stendhal.fr\/index.php?rest_route=\/wp\/v2\/posts\/437","targetHints":{"allow":["GET"]}}],"collection":[{"href":"https:\/\/stendhal.fr\/index.php?rest_route=\/wp\/v2\/posts"}],"about":[{"href":"https:\/\/stendhal.fr\/index.php?rest_route=\/wp\/v2\/types\/post"}],"author":[{"embeddable":true,"href":"https:\/\/stendhal.fr\/index.php?rest_route=\/wp\/v2\/users\/1"}],"replies":[{"embeddable":true,"href":"https:\/\/stendhal.fr\/index.php?rest_route=%2Fwp%2Fv2%2Fcomments&post=437"}],"version-history":[{"count":0,"href":"https:\/\/stendhal.fr\/index.php?rest_route=\/wp\/v2\/posts\/437\/revisions"}],"wp:attachment":[{"href":"https:\/\/stendhal.fr\/index.php?rest_route=%2Fwp%2Fv2%2Fmedia&parent=437"}],"wp:term":[{"taxonomy":"category","embeddable":true,"href":"https:\/\/stendhal.fr\/index.php?rest_route=%2Fwp%2Fv2%2Fcategories&post=437"},{"taxonomy":"post_tag","embeddable":true,"href":"https:\/\/stendhal.fr\/index.php?rest_route=%2Fwp%2Fv2%2Ftags&post=437"}],"curies":[{"name":"wp","href":"https:\/\/api.w.org\/{rel}","templated":true}]}}