{"id":433,"date":"2008-04-27T13:49:30","date_gmt":"2008-04-27T12:49:30","guid":{"rendered":"http:\/\/jy.reysset.free.fr\/wordpress\/?p=433"},"modified":"2008-07-09T11:14:46","modified_gmt":"2008-07-09T10:14:46","slug":"cd-la-chartreuse-de-parme-lu-par-guillame-gallienne","status":"publish","type":"post","link":"https:\/\/stendhal.fr\/?p=433","title":{"rendered":"CD La Chartreuse de Parme Lu par Guillame Gallienne"},"content":{"rendered":"<p align=\"center\">&nbsp;<\/p>\n<p align=\"center\"><a href=\"http:\/\/www.editionstheleme.fr\/fiche_auteur.php?id_auteur=66\">Stendhal<\/a><\/p>\n<p class=\"titre_fiche\" align=\"center\"><em>La Chartreuse de Parme<\/em><\/p>\n<p align=\"center\"> \t\tLu par <a href=\"http:\/\/www.editionstheleme.fr\/fiche_lecteur.php?id_lecteur=6\" class=\"ouvrages_lecteurs\">Guillaume Gallienne<\/a><\/p>\n<p align=\"center\"><a href=\"http:\/\/jy.reysset.free.fr\/wordpress\/wp-content\/2008\/07\/image004.png\" title=\"image004.png\"><img decoding=\"async\" src=\"http:\/\/jy.reysset.free.fr\/wordpress\/wp-content\/2008\/07\/image004.thumbnail.png\" alt=\"image004.png\" \/><\/a><\/p>\n<p class=\"ouvrage_info nm\" align=\"center\">1 CD, 25,00 \u20ac<br \/>\n<a href=\"http:\/\/www.editionstheleme.fr\/fiche_ouvrage.php?id_ouvrage=155\" title=\"\u00c9ditions Theleme\" target=\"_blank\">\u00c9ditions THELEME<\/a><br \/>\n1 CD &#8211; MP3 &#8211; 8h 10 d&rsquo;\u00e9coute<br \/>\nTEXTE ABR\u00c9G\u00c9\n<\/p>\n<p align=\"left\"><em>La Chartreuse de Parme <\/em>a pour d\u00e9cor l&rsquo;Italie si ch\u00e8re \u00e0 Stendhal. La Sanseverina poss\u00e8de toutes les dimensions de la femme amoureuse et objet d&rsquo;amour passionn\u00e9, tandis que le h\u00e9ros, Fabrice del Dongo, est un enfant b\u00e9ni des Dieux, mais son esprit fougueux et son \u00e2me sentimentale vont mener \u00e0 un destin tragique.<\/p>\n<p class=\"ouvrage_info nm\" align=\"center\">Collection <a href=\"http:\/\/www.editionstheleme.fr\/search.php?sort=collection&amp;collection=1\">Litt\u00e9rature<\/a><\/p>\n<p class=\"ouvrage_info nm\" align=\"center\">N\u00b0843 \/ ISBN : 2878625404<\/p>\n<p class=\"ouvrage_info nm\" align=\"center\">&nbsp;<\/p>\n<p class=\"ouvrage_info nm\" align=\"center\">RAPPEL<\/p>\n<p align=\"center\">STENDHAL<\/p>\n<p align=\"center\"><em>Le Rouge et le Noir<\/em><\/p>\n<p align=\"center\">LU PAR MICHEL VUILLERMOZ<\/p>\n<p align=\"center\"><a href=\"http:\/\/jy.reysset.free.fr\/wordpress\/wp-content\/2008\/07\/image006.gif\" title=\"image006.gif\"><img decoding=\"async\" src=\"http:\/\/jy.reysset.free.fr\/wordpress\/wp-content\/2008\/07\/image006.thumbnail.gif\" alt=\"image006.gif\" \/><\/a><\/p>\n<p>1 CD &#8211; MP3 &#8211; 6h 20 d&rsquo;\u00e9coute<br \/>\nTEXTE ABR\u00c9G\u00c9<\/p>\n<p><em> Le Rouge et le Noir <\/em>est l&rsquo;un des romans fran\u00e7ais les plus connus et les plus traduits. L&rsquo;histoire de Julien Sorel dont la sensibilit\u00e9 oscille entre le sublime de la religion et la gloire militaire sera finalement guid\u00e9e par les femmes et le hasard des rencontres.<\/p>\n<p class=\"ouvrage_info nm\" align=\"center\">N\u00b0842 \/ ISBN : 2878625390<\/p>\n","protected":false},"excerpt":{"rendered":"<p>&nbsp; Stendhal La Chartreuse de Parme Lu par Guillaume Gallienne 1 CD, 25,00 \u20ac \u00c9ditions THELEME 1 CD &#8211; MP3 &#8211; 8h 10 d&rsquo;\u00e9coute TEXTE ABR\u00c9G\u00c9 La Chartreuse de Parme a pour d\u00e9cor l&rsquo;Italie si ch\u00e8re \u00e0 Stendhal. La Sanseverina &hellip; <a href=\"https:\/\/stendhal.fr\/?p=433\">Continuer la lecture <span class=\"meta-nav\">&rarr;<\/span><\/a><\/p>\n","protected":false},"author":1,"featured_media":0,"comment_status":"closed","ping_status":"open","sticky":false,"template":"","format":"standard","meta":{"jetpack_post_was_ever_published":false,"_jetpack_newsletter_access":"","_jetpack_dont_email_post_to_subs":false,"_jetpack_newsletter_tier_id":0,"_jetpack_memberships_contains_paywalled_content":false,"_jetpack_memberships_contains_paid_content":false,"footnotes":"","jetpack_publicize_message":"","jetpack_publicize_feature_enabled":true,"jetpack_social_post_already_shared":false,"jetpack_social_options":{"image_generator_settings":{"template":"highway","default_image_id":0,"font":"","enabled":false},"version":2}},"categories":[2],"tags":[],"class_list":["post-433","post","type-post","status-publish","format-standard","hentry","category-nouvelles-publications"],"jetpack_publicize_connections":[],"jetpack_featured_media_url":"","jetpack_sharing_enabled":true,"jetpack_shortlink":"https:\/\/wp.me\/p34K8b-6Z","jetpack_likes_enabled":true,"_links":{"self":[{"href":"https:\/\/stendhal.fr\/index.php?rest_route=\/wp\/v2\/posts\/433","targetHints":{"allow":["GET"]}}],"collection":[{"href":"https:\/\/stendhal.fr\/index.php?rest_route=\/wp\/v2\/posts"}],"about":[{"href":"https:\/\/stendhal.fr\/index.php?rest_route=\/wp\/v2\/types\/post"}],"author":[{"embeddable":true,"href":"https:\/\/stendhal.fr\/index.php?rest_route=\/wp\/v2\/users\/1"}],"replies":[{"embeddable":true,"href":"https:\/\/stendhal.fr\/index.php?rest_route=%2Fwp%2Fv2%2Fcomments&post=433"}],"version-history":[{"count":0,"href":"https:\/\/stendhal.fr\/index.php?rest_route=\/wp\/v2\/posts\/433\/revisions"}],"wp:attachment":[{"href":"https:\/\/stendhal.fr\/index.php?rest_route=%2Fwp%2Fv2%2Fmedia&parent=433"}],"wp:term":[{"taxonomy":"category","embeddable":true,"href":"https:\/\/stendhal.fr\/index.php?rest_route=%2Fwp%2Fv2%2Fcategories&post=433"},{"taxonomy":"post_tag","embeddable":true,"href":"https:\/\/stendhal.fr\/index.php?rest_route=%2Fwp%2Fv2%2Ftags&post=433"}],"curies":[{"name":"wp","href":"https:\/\/api.w.org\/{rel}","templated":true}]}}