{"id":289,"date":"2006-04-27T11:13:15","date_gmt":"2006-04-27T10:13:15","guid":{"rendered":"http:\/\/jy.reysset.free.fr\/wordpress\/?p=289"},"modified":"2008-07-11T09:24:31","modified_gmt":"2008-07-11T08:24:31","slug":"289","status":"publish","type":"post","link":"https:\/\/stendhal.fr\/?p=289","title":{"rendered":"S\u00e9minaire Stendhal"},"content":{"rendered":"<h3 class=\"title\">S\u00e9minaire Stendhal<\/h3>\n<p>Le calendrier du \u00ab\u00a0S\u00e9minaire Stendhal\u00a0\u00bb consacr\u00e9 aux \u00ab\u00a0Promenades dans        Rome\u00a0\u00bb s&rsquo;\u00e9tablit comme suit pour la fin de l&rsquo;ann\u00e9e universitaire :<\/p>\n<p>-samedi        20 mai : Marie Parmentier : \u00ab\u00a0Les <em>Promenades dans Rome<\/em> : une        lisibilit\u00e9 probl\u00e9matique\u00a0\u00bb<\/p>\n<p>&#8211; samedi 10 juin :        Fran\u00e7ois Vanoosthuyse : \u00ab\u00a0Topographies et chronologies des <em>Promenades        dans Rome<\/em>\u00ab\u00a0.<\/p>\n<p>Les s\u00e9ances ont lieu \u00e0 10 h 30, \u00e0        l&rsquo;Universit\u00e9 de Paris III, en salle 123.<\/p>\n<p align=\"right\">Xavier Bourdenet, Fran\u00e7ois Vanoosthuyse.<\/p>\n","protected":false},"excerpt":{"rendered":"<p>S\u00e9minaire Stendhal Le calendrier du \u00ab\u00a0S\u00e9minaire Stendhal\u00a0\u00bb consacr\u00e9 aux \u00ab\u00a0Promenades dans Rome\u00a0\u00bb s&rsquo;\u00e9tablit comme suit pour la fin de l&rsquo;ann\u00e9e universitaire : -samedi 20 mai : Marie Parmentier : \u00ab\u00a0Les Promenades dans Rome : une lisibilit\u00e9 probl\u00e9matique\u00a0\u00bb &#8211; samedi 10 &hellip; <a href=\"https:\/\/stendhal.fr\/?p=289\">Continuer la lecture <span class=\"meta-nav\">&rarr;<\/span><\/a><\/p>\n","protected":false},"author":1,"featured_media":0,"comment_status":"open","ping_status":"open","sticky":false,"template":"","format":"standard","meta":{"jetpack_post_was_ever_published":false,"_jetpack_newsletter_access":"","_jetpack_dont_email_post_to_subs":false,"_jetpack_newsletter_tier_id":0,"_jetpack_memberships_contains_paywalled_content":false,"_jetpack_memberships_contains_paid_content":false,"footnotes":"","jetpack_publicize_message":"","jetpack_publicize_feature_enabled":true,"jetpack_social_post_already_shared":false,"jetpack_social_options":{"image_generator_settings":{"template":"highway","default_image_id":0,"font":"","enabled":false},"version":2}},"categories":[3],"tags":[],"class_list":["post-289","post","type-post","status-publish","format-standard","hentry","category-seminaires"],"jetpack_publicize_connections":[],"jetpack_featured_media_url":"","jetpack_sharing_enabled":true,"jetpack_shortlink":"https:\/\/wp.me\/s34K8b-289","jetpack_likes_enabled":true,"_links":{"self":[{"href":"https:\/\/stendhal.fr\/index.php?rest_route=\/wp\/v2\/posts\/289","targetHints":{"allow":["GET"]}}],"collection":[{"href":"https:\/\/stendhal.fr\/index.php?rest_route=\/wp\/v2\/posts"}],"about":[{"href":"https:\/\/stendhal.fr\/index.php?rest_route=\/wp\/v2\/types\/post"}],"author":[{"embeddable":true,"href":"https:\/\/stendhal.fr\/index.php?rest_route=\/wp\/v2\/users\/1"}],"replies":[{"embeddable":true,"href":"https:\/\/stendhal.fr\/index.php?rest_route=%2Fwp%2Fv2%2Fcomments&post=289"}],"version-history":[{"count":0,"href":"https:\/\/stendhal.fr\/index.php?rest_route=\/wp\/v2\/posts\/289\/revisions"}],"wp:attachment":[{"href":"https:\/\/stendhal.fr\/index.php?rest_route=%2Fwp%2Fv2%2Fmedia&parent=289"}],"wp:term":[{"taxonomy":"category","embeddable":true,"href":"https:\/\/stendhal.fr\/index.php?rest_route=%2Fwp%2Fv2%2Fcategories&post=289"},{"taxonomy":"post_tag","embeddable":true,"href":"https:\/\/stendhal.fr\/index.php?rest_route=%2Fwp%2Fv2%2Ftags&post=289"}],"curies":[{"name":"wp","href":"https:\/\/api.w.org\/{rel}","templated":true}]}}