{"id":287,"date":"2006-03-20T11:08:44","date_gmt":"2006-03-20T10:08:44","guid":{"rendered":"http:\/\/jy.reysset.free.fr\/wordpress\/?p=287"},"modified":"2008-07-11T09:28:42","modified_gmt":"2008-07-11T08:28:42","slug":"287","status":"publish","type":"post","link":"https:\/\/stendhal.fr\/?p=287","title":{"rendered":"Une d\u00e9ambulation litt\u00e9raire napol\u00e9ono-stendhalienne dans les rues de Grenoble"},"content":{"rendered":"<h3 class=\"title\"><strong>Une d\u00e9ambulation litt\u00e9raire napol\u00e9ono-stendhalienne dans les rues de        Grenoble<\/strong><\/h3>\n<p>que d&rsquo;autres (l&rsquo;Office du Tourisme) appelleront \u00ab\u00a0Lecture &#8211; promenade :      Stendhal, Grenoble et Napol\u00e9on\u00a0\u00bb<\/p>\n<p>\u00c9vocation du passage \u00e0      Grenoble de Napol\u00e9on retour de l&rsquo;\u00eele d&rsquo;Elbe \u00e0 travers les remarquables      \u00e9crits de Stendhal et les lieux qu&rsquo;il a fr\u00e9quent\u00e9s<\/p>\n<p>Organis\u00e9e par l&rsquo;Office du Tourisme de Grenoble avec la participation de      l&rsquo;Association Stendhal .<br \/>\nR\u00e9servations et d\u00e9part \u00e0 l&rsquo;Office du Tourisme      04 76 42 41 41<br \/>\nD\u00e9part 10 h 00 Dur\u00e9e 2 heures Tarif : euros 7,50 ou 5,50<\/p>\n<p>Nous accompagneront dans notre d\u00e9ambulation :<br \/>\nMonsieur de TAILLANDIER      expert dans l&rsquo;Histoire du Patrimoine Grenoblois<br \/>\nG\u00e9rald RANNAUD,      pr\u00e9sident de l&rsquo;Association STENDHAL \u00e9minent stendhalologue, expert      international en Stendhalologie<br \/>\nVotre serviteur s&rsquo;efforcera avec son      ami brio et sa copine modestie de vous faire adorer les textes      stendhaliens .<\/p>\n<p>SAMEDI 25 MARS 2006 OFFICE DU TOURISME A 10 HEURES      PROMENADE-LECTURE STENDHAL, GRENOBLE ET NAPOLEON<\/p>\n<p>Le 15 mars 1815,      l\u2019exil\u00e9 de l\u2019\u00eele d\u2019Elbe retrouvait \u00e0 Grenoble, pour cent jours, sa      couronne d\u2019Empereur des Fran\u00e7ais. Le grenoblois Stendhal ne pouvait      ignorer cet \u00e9v\u00e9nement mythique. Red\u00e9couvrons par la voix de Maurice Rubin,      presque jour pour jour cent quatre-vingt dix ans plus tard et sur les      lieux des faits, les pages o\u00f9 il raconte ces journ\u00e9es m\u00e9morables.<\/p>\n<p><em> Nous n\u2019avons pas pu vous offrir les cl\u00e9s de la ville, en voici les portes.<\/em><\/p>\n<p>Maurice RUBIN<\/p>\n","protected":false},"excerpt":{"rendered":"<p>Une d\u00e9ambulation litt\u00e9raire napol\u00e9ono-stendhalienne dans les rues de Grenoble que d&rsquo;autres (l&rsquo;Office du Tourisme) appelleront \u00ab\u00a0Lecture &#8211; promenade : Stendhal, Grenoble et Napol\u00e9on\u00a0\u00bb \u00c9vocation du passage \u00e0 Grenoble de Napol\u00e9on retour de l&rsquo;\u00eele d&rsquo;Elbe \u00e0 travers les remarquables \u00e9crits de &hellip; <a href=\"https:\/\/stendhal.fr\/?p=287\">Continuer la lecture <span class=\"meta-nav\">&rarr;<\/span><\/a><\/p>\n","protected":false},"author":1,"featured_media":0,"comment_status":"open","ping_status":"open","sticky":false,"template":"","format":"standard","meta":{"jetpack_post_was_ever_published":false,"_jetpack_newsletter_access":"","_jetpack_dont_email_post_to_subs":false,"_jetpack_newsletter_tier_id":0,"_jetpack_memberships_contains_paywalled_content":false,"_jetpack_memberships_contains_paid_content":false,"footnotes":"","jetpack_publicize_message":"","jetpack_publicize_feature_enabled":true,"jetpack_social_post_already_shared":false,"jetpack_social_options":{"image_generator_settings":{"template":"highway","default_image_id":0,"font":"","enabled":false},"version":2}},"categories":[9],"tags":[],"class_list":["post-287","post","type-post","status-publish","format-standard","hentry","category-manifestations"],"jetpack_publicize_connections":[],"jetpack_featured_media_url":"","jetpack_sharing_enabled":true,"jetpack_shortlink":"https:\/\/wp.me\/s34K8b-287","jetpack_likes_enabled":true,"_links":{"self":[{"href":"https:\/\/stendhal.fr\/index.php?rest_route=\/wp\/v2\/posts\/287","targetHints":{"allow":["GET"]}}],"collection":[{"href":"https:\/\/stendhal.fr\/index.php?rest_route=\/wp\/v2\/posts"}],"about":[{"href":"https:\/\/stendhal.fr\/index.php?rest_route=\/wp\/v2\/types\/post"}],"author":[{"embeddable":true,"href":"https:\/\/stendhal.fr\/index.php?rest_route=\/wp\/v2\/users\/1"}],"replies":[{"embeddable":true,"href":"https:\/\/stendhal.fr\/index.php?rest_route=%2Fwp%2Fv2%2Fcomments&post=287"}],"version-history":[{"count":0,"href":"https:\/\/stendhal.fr\/index.php?rest_route=\/wp\/v2\/posts\/287\/revisions"}],"wp:attachment":[{"href":"https:\/\/stendhal.fr\/index.php?rest_route=%2Fwp%2Fv2%2Fmedia&parent=287"}],"wp:term":[{"taxonomy":"category","embeddable":true,"href":"https:\/\/stendhal.fr\/index.php?rest_route=%2Fwp%2Fv2%2Fcategories&post=287"},{"taxonomy":"post_tag","embeddable":true,"href":"https:\/\/stendhal.fr\/index.php?rest_route=%2Fwp%2Fv2%2Ftags&post=287"}],"curies":[{"name":"wp","href":"https:\/\/api.w.org\/{rel}","templated":true}]}}