{"id":283,"date":"2006-02-21T10:55:19","date_gmt":"2006-02-21T09:55:19","guid":{"rendered":"http:\/\/jy.reysset.free.fr\/wordpress\/?p=283"},"modified":"2008-07-11T09:35:10","modified_gmt":"2008-07-11T08:35:10","slug":"283","status":"publish","type":"post","link":"https:\/\/stendhal.fr\/?p=283","title":{"rendered":"Fils et p\u00e8res chez Stendhal par Mona Ozouf"},"content":{"rendered":"<h3 class=\"title\">Fils et p\u00e8res chez Stendhal<\/h3>\n<p>Conf\u00e9rence de Mona Ozouf qui a consacr\u00e9 l&rsquo;essentiel de ses recherches et        de ses ouvrages \u00e0 l&rsquo;histoire de la R\u00e9volution fran\u00e7aise et \u00e0 ses        r\u00e9percussions dans la pens\u00e9e, la culture et la sensibilit\u00e9 du XIXe        si\u00e8cle. En 2001 cette historienne qui est aussi un \u00e9crivain recherchait        dans Les aveux du roman (Gallimard, 2004), les traces de cette \u00ab\u00a0guerre        de cent ans\u00a0\u00bb qui tout au long du si\u00e8cle opposera, dans la litt\u00e9rature et        la soci\u00e9t\u00e9, tradition et modernit\u00e9. Le roman, forme litt\u00e9raire de ces        temps nouveaux, modernes et d\u00e9mocratiques, en fournit un parfait miroir.        Dans le droit fil de ses \u00e9tudes des romans de Madame de Sta\u00ebl, Balzac,        Stendhal, Sand, etc\u2026, elle pr\u00e9sentera ce que l&rsquo;\u0153uvre de Stendhal peut        apprendre sur les effets de la R\u00e9volution et de ses l\u00e9gislations sur le        syst\u00e8me des relations familiales \u00e0 l&rsquo;aube du monde contemporain.<\/p>\n<p>Mona Ozouf est historienne, Directrice d&rsquo;Etudes \u00e0 l&rsquo;Ecole pratique des        Hautes Etudes, journaliste au Nouvel Observateur.<\/p>\n<p>Organis\u00e9e en collaboration avec l&rsquo;Association Stendhal<\/p>\n<p>Jeudi 16 mars \u00e0 18h<\/p>\n<p>Auditorium du Mus\u00e9e de Grenoble<\/p>\n<p>1, Place de Lavalette<\/p>\n<p>T\u00e9l 04 76 86 21 70<\/p>\n","protected":false},"excerpt":{"rendered":"<p>Fils et p\u00e8res chez Stendhal Conf\u00e9rence de Mona Ozouf qui a consacr\u00e9 l&rsquo;essentiel de ses recherches et de ses ouvrages \u00e0 l&rsquo;histoire de la R\u00e9volution fran\u00e7aise et \u00e0 ses r\u00e9percussions dans la pens\u00e9e, la culture et la sensibilit\u00e9 du XIXe &hellip; <a href=\"https:\/\/stendhal.fr\/?p=283\">Continuer la lecture <span class=\"meta-nav\">&rarr;<\/span><\/a><\/p>\n","protected":false},"author":1,"featured_media":0,"comment_status":"open","ping_status":"open","sticky":false,"template":"","format":"standard","meta":{"jetpack_post_was_ever_published":false,"_jetpack_newsletter_access":"","_jetpack_dont_email_post_to_subs":false,"_jetpack_newsletter_tier_id":0,"_jetpack_memberships_contains_paywalled_content":false,"_jetpack_memberships_contains_paid_content":false,"footnotes":"","jetpack_publicize_message":"","jetpack_publicize_feature_enabled":true,"jetpack_social_post_already_shared":false,"jetpack_social_options":{"image_generator_settings":{"template":"highway","default_image_id":0,"font":"","enabled":false},"version":2}},"categories":[4],"tags":[],"class_list":["post-283","post","type-post","status-publish","format-standard","hentry","category-conferences"],"jetpack_publicize_connections":[],"jetpack_featured_media_url":"","jetpack_sharing_enabled":true,"jetpack_shortlink":"https:\/\/wp.me\/s34K8b-283","jetpack_likes_enabled":true,"_links":{"self":[{"href":"https:\/\/stendhal.fr\/index.php?rest_route=\/wp\/v2\/posts\/283","targetHints":{"allow":["GET"]}}],"collection":[{"href":"https:\/\/stendhal.fr\/index.php?rest_route=\/wp\/v2\/posts"}],"about":[{"href":"https:\/\/stendhal.fr\/index.php?rest_route=\/wp\/v2\/types\/post"}],"author":[{"embeddable":true,"href":"https:\/\/stendhal.fr\/index.php?rest_route=\/wp\/v2\/users\/1"}],"replies":[{"embeddable":true,"href":"https:\/\/stendhal.fr\/index.php?rest_route=%2Fwp%2Fv2%2Fcomments&post=283"}],"version-history":[{"count":0,"href":"https:\/\/stendhal.fr\/index.php?rest_route=\/wp\/v2\/posts\/283\/revisions"}],"wp:attachment":[{"href":"https:\/\/stendhal.fr\/index.php?rest_route=%2Fwp%2Fv2%2Fmedia&parent=283"}],"wp:term":[{"taxonomy":"category","embeddable":true,"href":"https:\/\/stendhal.fr\/index.php?rest_route=%2Fwp%2Fv2%2Fcategories&post=283"},{"taxonomy":"post_tag","embeddable":true,"href":"https:\/\/stendhal.fr\/index.php?rest_route=%2Fwp%2Fv2%2Ftags&post=283"}],"curies":[{"name":"wp","href":"https:\/\/api.w.org\/{rel}","templated":true}]}}