{"id":282,"date":"2006-02-22T10:54:27","date_gmt":"2006-02-22T09:54:27","guid":{"rendered":"http:\/\/jy.reysset.free.fr\/wordpress\/?p=282"},"modified":"2008-07-11T09:34:38","modified_gmt":"2008-07-11T08:34:38","slug":"282","status":"publish","type":"post","link":"https:\/\/stendhal.fr\/?p=282","title":{"rendered":"S\u00e9minaire Promenades dans Rome"},"content":{"rendered":"<h3 class=\"title\">S\u00e9minaire <em>Promenades dans Rome<\/em><\/h3>\n<p>La prochaine s\u00e9ance du s\u00e9minaire Stendhal consacr\u00e9 aux <em>Promenades dans        Rome<\/em><\/p>\n<p>aura lieu le samedi 25 f\u00e9vrier \u00e0 10 h 30 \u00e0        l&rsquo;Universit\u00e9 de Paris III &#8211; Sorbonne Nouvelle, en salle 123 (M\u00b0        Censier-Daubenton).<\/p>\n<p>Laure Lassagne y abordera la question de la \u00a0\u00bb        Sc\u00e9nographie \u00e9nonciative des <em>Promenades dans Rome<\/em>\u00ab\u00a0.<\/p>\n","protected":false},"excerpt":{"rendered":"<p>S\u00e9minaire Promenades dans Rome La prochaine s\u00e9ance du s\u00e9minaire Stendhal consacr\u00e9 aux Promenades dans Rome aura lieu le samedi 25 f\u00e9vrier \u00e0 10 h 30 \u00e0 l&rsquo;Universit\u00e9 de Paris III &#8211; Sorbonne Nouvelle, en salle 123 (M\u00b0 Censier-Daubenton). Laure Lassagne &hellip; <a href=\"https:\/\/stendhal.fr\/?p=282\">Continuer la lecture <span class=\"meta-nav\">&rarr;<\/span><\/a><\/p>\n","protected":false},"author":1,"featured_media":0,"comment_status":"open","ping_status":"open","sticky":false,"template":"","format":"standard","meta":{"jetpack_post_was_ever_published":false,"_jetpack_newsletter_access":"","_jetpack_dont_email_post_to_subs":false,"_jetpack_newsletter_tier_id":0,"_jetpack_memberships_contains_paywalled_content":false,"_jetpack_memberships_contains_paid_content":false,"footnotes":"","jetpack_publicize_message":"","jetpack_publicize_feature_enabled":true,"jetpack_social_post_already_shared":false,"jetpack_social_options":{"image_generator_settings":{"template":"highway","default_image_id":0,"font":"","enabled":false},"version":2}},"categories":[3],"tags":[],"class_list":["post-282","post","type-post","status-publish","format-standard","hentry","category-seminaires"],"jetpack_publicize_connections":[],"jetpack_featured_media_url":"","jetpack_sharing_enabled":true,"jetpack_shortlink":"https:\/\/wp.me\/s34K8b-282","jetpack_likes_enabled":true,"_links":{"self":[{"href":"https:\/\/stendhal.fr\/index.php?rest_route=\/wp\/v2\/posts\/282","targetHints":{"allow":["GET"]}}],"collection":[{"href":"https:\/\/stendhal.fr\/index.php?rest_route=\/wp\/v2\/posts"}],"about":[{"href":"https:\/\/stendhal.fr\/index.php?rest_route=\/wp\/v2\/types\/post"}],"author":[{"embeddable":true,"href":"https:\/\/stendhal.fr\/index.php?rest_route=\/wp\/v2\/users\/1"}],"replies":[{"embeddable":true,"href":"https:\/\/stendhal.fr\/index.php?rest_route=%2Fwp%2Fv2%2Fcomments&post=282"}],"version-history":[{"count":0,"href":"https:\/\/stendhal.fr\/index.php?rest_route=\/wp\/v2\/posts\/282\/revisions"}],"wp:attachment":[{"href":"https:\/\/stendhal.fr\/index.php?rest_route=%2Fwp%2Fv2%2Fmedia&parent=282"}],"wp:term":[{"taxonomy":"category","embeddable":true,"href":"https:\/\/stendhal.fr\/index.php?rest_route=%2Fwp%2Fv2%2Fcategories&post=282"},{"taxonomy":"post_tag","embeddable":true,"href":"https:\/\/stendhal.fr\/index.php?rest_route=%2Fwp%2Fv2%2Ftags&post=282"}],"curies":[{"name":"wp","href":"https:\/\/api.w.org\/{rel}","templated":true}]}}