{"id":280,"date":"2006-01-15T10:50:16","date_gmt":"2006-01-15T09:50:16","guid":{"rendered":"http:\/\/jy.reysset.free.fr\/wordpress\/?p=280"},"modified":"2008-07-11T09:37:53","modified_gmt":"2008-07-11T08:37:53","slug":"280","status":"publish","type":"post","link":"https:\/\/stendhal.fr\/?p=280","title":{"rendered":"S\u00e9minaire Stendhal"},"content":{"rendered":"<h3 class=\"title\">S\u00e9minaire Stendhal<\/h3>\n<p>L&rsquo;Ecole Normale Sup\u00e9rieure (Paris), la Fondation Primoli (Rome), le      D\u00e9partement de Lettres et Langues de l&rsquo;Universit\u00e9 de Pise et le CESR      -Traverses 19-21 organisent un s\u00e9minaire Stendhal Mercredi 18 janvier 2006      \u00e0 14 h 30 (salle des s\u00e9minaires BUFR)<\/p>\n<p>Au programme : Christine MEYER      (Rouen), \u00ab\u00a0Canetti lecteur de Stendhal\u00a0\u00bb<\/p>\n<p>Marie-Rose CORREDOR (CESR),      \u00ab\u00a0Nietzsche lecteur de Stendhal\u00a0\u00bb<\/p>\n","protected":false},"excerpt":{"rendered":"<p>S\u00e9minaire Stendhal L&rsquo;Ecole Normale Sup\u00e9rieure (Paris), la Fondation Primoli (Rome), le D\u00e9partement de Lettres et Langues de l&rsquo;Universit\u00e9 de Pise et le CESR -Traverses 19-21 organisent un s\u00e9minaire Stendhal Mercredi 18 janvier 2006 \u00e0 14 h 30 (salle des s\u00e9minaires &hellip; <a href=\"https:\/\/stendhal.fr\/?p=280\">Continuer la lecture <span class=\"meta-nav\">&rarr;<\/span><\/a><\/p>\n","protected":false},"author":1,"featured_media":0,"comment_status":"open","ping_status":"open","sticky":false,"template":"","format":"standard","meta":{"jetpack_post_was_ever_published":false,"_jetpack_newsletter_access":"","_jetpack_dont_email_post_to_subs":false,"_jetpack_newsletter_tier_id":0,"_jetpack_memberships_contains_paywalled_content":false,"_jetpack_memberships_contains_paid_content":false,"footnotes":"","jetpack_publicize_message":"","jetpack_publicize_feature_enabled":true,"jetpack_social_post_already_shared":false,"jetpack_social_options":{"image_generator_settings":{"template":"highway","default_image_id":0,"font":"","enabled":false},"version":2}},"categories":[3],"tags":[],"class_list":["post-280","post","type-post","status-publish","format-standard","hentry","category-seminaires"],"jetpack_publicize_connections":[],"jetpack_featured_media_url":"","jetpack_sharing_enabled":true,"jetpack_shortlink":"https:\/\/wp.me\/s34K8b-280","jetpack_likes_enabled":true,"_links":{"self":[{"href":"https:\/\/stendhal.fr\/index.php?rest_route=\/wp\/v2\/posts\/280","targetHints":{"allow":["GET"]}}],"collection":[{"href":"https:\/\/stendhal.fr\/index.php?rest_route=\/wp\/v2\/posts"}],"about":[{"href":"https:\/\/stendhal.fr\/index.php?rest_route=\/wp\/v2\/types\/post"}],"author":[{"embeddable":true,"href":"https:\/\/stendhal.fr\/index.php?rest_route=\/wp\/v2\/users\/1"}],"replies":[{"embeddable":true,"href":"https:\/\/stendhal.fr\/index.php?rest_route=%2Fwp%2Fv2%2Fcomments&post=280"}],"version-history":[{"count":0,"href":"https:\/\/stendhal.fr\/index.php?rest_route=\/wp\/v2\/posts\/280\/revisions"}],"wp:attachment":[{"href":"https:\/\/stendhal.fr\/index.php?rest_route=%2Fwp%2Fv2%2Fmedia&parent=280"}],"wp:term":[{"taxonomy":"category","embeddable":true,"href":"https:\/\/stendhal.fr\/index.php?rest_route=%2Fwp%2Fv2%2Fcategories&post=280"},{"taxonomy":"post_tag","embeddable":true,"href":"https:\/\/stendhal.fr\/index.php?rest_route=%2Fwp%2Fv2%2Ftags&post=280"}],"curies":[{"name":"wp","href":"https:\/\/api.w.org\/{rel}","templated":true}]}}