{"id":279,"date":"2006-01-16T10:49:25","date_gmt":"2006-01-16T09:49:25","guid":{"rendered":"http:\/\/jy.reysset.free.fr\/wordpress\/?p=279"},"modified":"2008-07-11T09:37:32","modified_gmt":"2008-07-11T08:37:32","slug":"279","status":"publish","type":"post","link":"https:\/\/stendhal.fr\/?p=279","title":{"rendered":"Gisela Moinet. Le Rouge et le Noir &#8211; une com\u00e9die romantique ?"},"content":{"rendered":"<h3 class=\"title\">Gisela Moinet. Le Rouge et le Noir &#8211; une com\u00e9die romantique ?<\/h3>\n<p><strong>Conf\u00e9rence Universit\u00e9 Inter-\u00e2ges<\/strong><\/p>\n<p>Gisela Moinet. <em>Le Rouge et le Noir &#8211; une com\u00e9die romantique ?        Stendhal entre th\u00e9\u00e2tre et roman. (1821-1830).<\/em><br \/>\nAvec        illustrations.<br \/>\nLundi, 16 janvier 2006, \u00e0 15 heures, dans la salle du        CRDP. 11 avenue G\u00e9n\u00e9ral Champon. Grenoble.<\/p>\n","protected":false},"excerpt":{"rendered":"<p>Gisela Moinet. Le Rouge et le Noir &#8211; une com\u00e9die romantique ? Conf\u00e9rence Universit\u00e9 Inter-\u00e2ges Gisela Moinet. Le Rouge et le Noir &#8211; une com\u00e9die romantique ? Stendhal entre th\u00e9\u00e2tre et roman. (1821-1830). Avec illustrations. Lundi, 16 janvier 2006, \u00e0 &hellip; <a href=\"https:\/\/stendhal.fr\/?p=279\">Continuer la lecture <span class=\"meta-nav\">&rarr;<\/span><\/a><\/p>\n","protected":false},"author":1,"featured_media":0,"comment_status":"open","ping_status":"open","sticky":false,"template":"","format":"standard","meta":{"jetpack_post_was_ever_published":false,"_jetpack_newsletter_access":"","_jetpack_dont_email_post_to_subs":false,"_jetpack_newsletter_tier_id":0,"_jetpack_memberships_contains_paywalled_content":false,"_jetpack_memberships_contains_paid_content":false,"footnotes":"","jetpack_publicize_message":"","jetpack_publicize_feature_enabled":true,"jetpack_social_post_already_shared":false,"jetpack_social_options":{"image_generator_settings":{"template":"highway","default_image_id":0,"font":"","enabled":false},"version":2}},"categories":[4],"tags":[],"class_list":["post-279","post","type-post","status-publish","format-standard","hentry","category-conferences"],"jetpack_publicize_connections":[],"jetpack_featured_media_url":"","jetpack_sharing_enabled":true,"jetpack_shortlink":"https:\/\/wp.me\/s34K8b-279","jetpack_likes_enabled":true,"_links":{"self":[{"href":"https:\/\/stendhal.fr\/index.php?rest_route=\/wp\/v2\/posts\/279","targetHints":{"allow":["GET"]}}],"collection":[{"href":"https:\/\/stendhal.fr\/index.php?rest_route=\/wp\/v2\/posts"}],"about":[{"href":"https:\/\/stendhal.fr\/index.php?rest_route=\/wp\/v2\/types\/post"}],"author":[{"embeddable":true,"href":"https:\/\/stendhal.fr\/index.php?rest_route=\/wp\/v2\/users\/1"}],"replies":[{"embeddable":true,"href":"https:\/\/stendhal.fr\/index.php?rest_route=%2Fwp%2Fv2%2Fcomments&post=279"}],"version-history":[{"count":0,"href":"https:\/\/stendhal.fr\/index.php?rest_route=\/wp\/v2\/posts\/279\/revisions"}],"wp:attachment":[{"href":"https:\/\/stendhal.fr\/index.php?rest_route=%2Fwp%2Fv2%2Fmedia&parent=279"}],"wp:term":[{"taxonomy":"category","embeddable":true,"href":"https:\/\/stendhal.fr\/index.php?rest_route=%2Fwp%2Fv2%2Fcategories&post=279"},{"taxonomy":"post_tag","embeddable":true,"href":"https:\/\/stendhal.fr\/index.php?rest_route=%2Fwp%2Fv2%2Ftags&post=279"}],"curies":[{"name":"wp","href":"https:\/\/api.w.org\/{rel}","templated":true}]}}