{"id":277,"date":"2006-01-28T10:41:35","date_gmt":"2006-01-28T09:41:35","guid":{"rendered":"http:\/\/jy.reysset.free.fr\/wordpress\/?p=277"},"modified":"2008-07-11T09:36:48","modified_gmt":"2008-07-11T08:36:48","slug":"277","status":"publish","type":"post","link":"https:\/\/stendhal.fr\/?p=277","title":{"rendered":"S\u00e9minaire Stendhal 2005-2006 \u00ab\u00a0Promenades dans Rome\u00a0\u00bb"},"content":{"rendered":"<h3 class=\"title\" align=\"center\"><strong>SEMINAIRE STENDHAL 2005-2006:\u00a0\u00bbPromenades dans Rome\u00a0\u00bb<\/strong><\/h3>\n<p>Emp\u00each\u00e9, <strong>M. Pierre Laforgue<\/strong> ne sera pas en mesure d&rsquo;assurer        la s\u00e9ance pr\u00e9vue le samedi 28 janvier.Elle est annul\u00e9e.<\/p>\n<p>La prochaine s\u00e9ance aura lieu le : samedi 25 f\u00e9vrier \u00e0 l&rsquo;horaire habituel (10        h 30).<br \/>\n<strong>Laure Lassagne<\/strong> y interviendra sur le sujet suivant :        \u00ab\u00a0Sc\u00e9nographies \u00e9nonciatives des <em>Promenades dans Rome<\/em>  \u00a0\u00bb<\/p>\n<p>Xavier Bourdenet Fran\u00e7ois Vanoosthuyse<\/p>\n","protected":false},"excerpt":{"rendered":"<p>SEMINAIRE STENDHAL 2005-2006:\u00a0\u00bbPromenades dans Rome\u00a0\u00bb Emp\u00each\u00e9, M. Pierre Laforgue ne sera pas en mesure d&rsquo;assurer la s\u00e9ance pr\u00e9vue le samedi 28 janvier.Elle est annul\u00e9e. La prochaine s\u00e9ance aura lieu le : samedi 25 f\u00e9vrier \u00e0 l&rsquo;horaire habituel (10 h 30). &hellip; <a href=\"https:\/\/stendhal.fr\/?p=277\">Continuer la lecture <span class=\"meta-nav\">&rarr;<\/span><\/a><\/p>\n","protected":false},"author":1,"featured_media":0,"comment_status":"open","ping_status":"open","sticky":false,"template":"","format":"standard","meta":{"jetpack_post_was_ever_published":false,"_jetpack_newsletter_access":"","_jetpack_dont_email_post_to_subs":false,"_jetpack_newsletter_tier_id":0,"_jetpack_memberships_contains_paywalled_content":false,"_jetpack_memberships_contains_paid_content":false,"footnotes":"","jetpack_publicize_message":"","jetpack_publicize_feature_enabled":true,"jetpack_social_post_already_shared":false,"jetpack_social_options":{"image_generator_settings":{"template":"highway","default_image_id":0,"font":"","enabled":false},"version":2}},"categories":[3],"tags":[],"class_list":["post-277","post","type-post","status-publish","format-standard","hentry","category-seminaires"],"jetpack_publicize_connections":[],"jetpack_featured_media_url":"","jetpack_sharing_enabled":true,"jetpack_shortlink":"https:\/\/wp.me\/s34K8b-277","jetpack_likes_enabled":true,"_links":{"self":[{"href":"https:\/\/stendhal.fr\/index.php?rest_route=\/wp\/v2\/posts\/277","targetHints":{"allow":["GET"]}}],"collection":[{"href":"https:\/\/stendhal.fr\/index.php?rest_route=\/wp\/v2\/posts"}],"about":[{"href":"https:\/\/stendhal.fr\/index.php?rest_route=\/wp\/v2\/types\/post"}],"author":[{"embeddable":true,"href":"https:\/\/stendhal.fr\/index.php?rest_route=\/wp\/v2\/users\/1"}],"replies":[{"embeddable":true,"href":"https:\/\/stendhal.fr\/index.php?rest_route=%2Fwp%2Fv2%2Fcomments&post=277"}],"version-history":[{"count":0,"href":"https:\/\/stendhal.fr\/index.php?rest_route=\/wp\/v2\/posts\/277\/revisions"}],"wp:attachment":[{"href":"https:\/\/stendhal.fr\/index.php?rest_route=%2Fwp%2Fv2%2Fmedia&parent=277"}],"wp:term":[{"taxonomy":"category","embeddable":true,"href":"https:\/\/stendhal.fr\/index.php?rest_route=%2Fwp%2Fv2%2Fcategories&post=277"},{"taxonomy":"post_tag","embeddable":true,"href":"https:\/\/stendhal.fr\/index.php?rest_route=%2Fwp%2Fv2%2Ftags&post=277"}],"curies":[{"name":"wp","href":"https:\/\/api.w.org\/{rel}","templated":true}]}}