{"id":276,"date":"2006-01-31T10:37:54","date_gmt":"2006-01-31T09:37:54","guid":{"rendered":"http:\/\/jy.reysset.free.fr\/wordpress\/?p=276"},"modified":"2008-07-11T09:36:47","modified_gmt":"2008-07-11T08:36:47","slug":"276","status":"publish","type":"post","link":"https:\/\/stendhal.fr\/?p=276","title":{"rendered":"Exposition Stendhal. La R\u00e9volte et les r\u00eaves"},"content":{"rendered":"<h3 class=\"title\">Exposition Stendhal. La R\u00e9volte et les r\u00eaves<\/h3>\n<p>La Biblioth\u00e8que municipale de Grenoble diffuse sur son site Internet \u00e0        l&rsquo;adresse: <a href=\"http:\/\/www.bm-grenoble.fr\/\">       http:\/\/www.bm-grenoble.fr\/<\/a><\/p>\n<p>un important dossier d&rsquo;information (t\u00e9l\u00e9chargeable au format PDF) \u00e0        propos de l&rsquo;exposition:<\/p>\n<p align=\"left\"><strong>Stendhal. La R\u00e9volte et les r\u00eaves<\/strong><\/p>\n<p>organis\u00e9e du 10 mars 2006 au 31 mars 2007 \u00e0 la Biblioth\u00e8que municipale        d&rsquo;\u00e9tude et d&rsquo;information<\/p>\n<p>12 boulevard Mar\u00e9chal Lyautey \u00e0 Grenoble.<\/p>\n","protected":false},"excerpt":{"rendered":"<p>Exposition Stendhal. La R\u00e9volte et les r\u00eaves La Biblioth\u00e8que municipale de Grenoble diffuse sur son site Internet \u00e0 l&rsquo;adresse: http:\/\/www.bm-grenoble.fr\/ un important dossier d&rsquo;information (t\u00e9l\u00e9chargeable au format PDF) \u00e0 propos de l&rsquo;exposition: Stendhal. La R\u00e9volte et les r\u00eaves organis\u00e9e du &hellip; <a href=\"https:\/\/stendhal.fr\/?p=276\">Continuer la lecture <span class=\"meta-nav\">&rarr;<\/span><\/a><\/p>\n","protected":false},"author":1,"featured_media":0,"comment_status":"open","ping_status":"open","sticky":false,"template":"","format":"standard","meta":{"jetpack_post_was_ever_published":false,"_jetpack_newsletter_access":"","_jetpack_dont_email_post_to_subs":false,"_jetpack_newsletter_tier_id":0,"_jetpack_memberships_contains_paywalled_content":false,"_jetpack_memberships_contains_paid_content":false,"footnotes":"","jetpack_publicize_message":"","jetpack_publicize_feature_enabled":true,"jetpack_social_post_already_shared":false,"jetpack_social_options":{"image_generator_settings":{"template":"highway","default_image_id":0,"font":"","enabled":false},"version":2}},"categories":[9],"tags":[],"class_list":["post-276","post","type-post","status-publish","format-standard","hentry","category-manifestations"],"jetpack_publicize_connections":[],"jetpack_featured_media_url":"","jetpack_sharing_enabled":true,"jetpack_shortlink":"https:\/\/wp.me\/s34K8b-276","jetpack_likes_enabled":true,"_links":{"self":[{"href":"https:\/\/stendhal.fr\/index.php?rest_route=\/wp\/v2\/posts\/276","targetHints":{"allow":["GET"]}}],"collection":[{"href":"https:\/\/stendhal.fr\/index.php?rest_route=\/wp\/v2\/posts"}],"about":[{"href":"https:\/\/stendhal.fr\/index.php?rest_route=\/wp\/v2\/types\/post"}],"author":[{"embeddable":true,"href":"https:\/\/stendhal.fr\/index.php?rest_route=\/wp\/v2\/users\/1"}],"replies":[{"embeddable":true,"href":"https:\/\/stendhal.fr\/index.php?rest_route=%2Fwp%2Fv2%2Fcomments&post=276"}],"version-history":[{"count":0,"href":"https:\/\/stendhal.fr\/index.php?rest_route=\/wp\/v2\/posts\/276\/revisions"}],"wp:attachment":[{"href":"https:\/\/stendhal.fr\/index.php?rest_route=%2Fwp%2Fv2%2Fmedia&parent=276"}],"wp:term":[{"taxonomy":"category","embeddable":true,"href":"https:\/\/stendhal.fr\/index.php?rest_route=%2Fwp%2Fv2%2Fcategories&post=276"},{"taxonomy":"post_tag","embeddable":true,"href":"https:\/\/stendhal.fr\/index.php?rest_route=%2Fwp%2Fv2%2Ftags&post=276"}],"curies":[{"name":"wp","href":"https:\/\/api.w.org\/{rel}","templated":true}]}}