{"id":275,"date":"2005-12-26T10:32:40","date_gmt":"2005-12-26T09:32:40","guid":{"rendered":"http:\/\/jy.reysset.free.fr\/wordpress\/?p=275"},"modified":"2008-07-11T09:39:16","modified_gmt":"2008-07-11T08:39:16","slug":"275","status":"publish","type":"post","link":"https:\/\/stendhal.fr\/?p=275","title":{"rendered":"Stendhal et le style"},"content":{"rendered":"<h3 class=\"title\"><\/h3>\n<p align=\"center\"><strong>Stendhal et le style <\/strong><\/p>\n<p align=\"center\"><strong>Philippe BERTHIER et Eric BORDAS (\u00e9ds.)<\/strong><\/p>\n<p>Toute sa vie, Stendhal ne cessa de r\u00e9fl\u00e9chir \u00e0 la d\u00e9licate notion de \u00ab    style \u00bb, \u00ab Le style doit \u00eatre comme un vernis transparent : il ne doit    pas alt\u00e9rer les couleurs ou les faits et pens\u00e9es sur lesquels il est    plac\u00e9 \u00bb. Ce volume, qui propose les Actes d\u00b9un colloque tenu en Sorbonne    en mars 2004, a choisi de pr\u00e9senter \u00e0 la fois des \u00e9tudes sur le style de    Stendhal \u00e9crivain et des \u00e9tudes sur les th\u00e9ories beylistes sur le style    \u00ad il est, en cela, une premi\u00e8re : la critique stendhalienne, si riche,    n\u00b9ayant encore jamais abord\u00e9 le sujet de fa\u00e7on syst\u00e9matique.<\/p>\n<p>Parution 2005<\/p>\n<p>ISBN 2-87854-321-1<\/p>\n<p>2005 &#8211; 16 x 24 &#8211; 286 pages<\/p>\n<p>Prix 23 \u20ac<\/p>\n<p><a href=\"http:\/\/psn.univ-paris3.fr\/\" target=\"_blank\">Presses Sorbonne    Nouvelle<\/a><\/p>\n<p align=\"center\"><iframe src=\"http:\/\/rcm-fr.amazon.fr\/e\/cm?t=sitesten-21&amp;o=8&amp;p=8&amp;l=as1&amp;asins=2878543211&amp;fc1=000000&amp;IS2=1&amp;lt1=_blank&amp;lc1=0000FF&amp;bc1=000000&amp;bg1=FFFFFF&amp;f=ifr\" style=\"width: 120px; height: 240px\" marginwidth=\"0\" marginheight=\"0\" frameborder=\"0\" scrolling=\"no\"><\/iframe><\/p>\n","protected":false},"excerpt":{"rendered":"<p>Stendhal et le style Philippe BERTHIER et Eric BORDAS (\u00e9ds.) Toute sa vie, Stendhal ne cessa de r\u00e9fl\u00e9chir \u00e0 la d\u00e9licate notion de \u00ab style \u00bb, \u00ab Le style doit \u00eatre comme un vernis transparent : il ne doit pas &hellip; <a href=\"https:\/\/stendhal.fr\/?p=275\">Continuer la lecture <span class=\"meta-nav\">&rarr;<\/span><\/a><\/p>\n","protected":false},"author":1,"featured_media":0,"comment_status":"open","ping_status":"open","sticky":false,"template":"","format":"standard","meta":{"jetpack_post_was_ever_published":false,"_jetpack_newsletter_access":"","_jetpack_dont_email_post_to_subs":false,"_jetpack_newsletter_tier_id":0,"_jetpack_memberships_contains_paywalled_content":false,"_jetpack_memberships_contains_paid_content":false,"footnotes":"","jetpack_publicize_message":"","jetpack_publicize_feature_enabled":true,"jetpack_social_post_already_shared":false,"jetpack_social_options":{"image_generator_settings":{"template":"highway","default_image_id":0,"font":"","enabled":false},"version":2}},"categories":[2],"tags":[],"class_list":["post-275","post","type-post","status-publish","format-standard","hentry","category-nouvelles-publications"],"jetpack_publicize_connections":[],"jetpack_featured_media_url":"","jetpack_sharing_enabled":true,"jetpack_shortlink":"https:\/\/wp.me\/s34K8b-275","jetpack_likes_enabled":true,"_links":{"self":[{"href":"https:\/\/stendhal.fr\/index.php?rest_route=\/wp\/v2\/posts\/275","targetHints":{"allow":["GET"]}}],"collection":[{"href":"https:\/\/stendhal.fr\/index.php?rest_route=\/wp\/v2\/posts"}],"about":[{"href":"https:\/\/stendhal.fr\/index.php?rest_route=\/wp\/v2\/types\/post"}],"author":[{"embeddable":true,"href":"https:\/\/stendhal.fr\/index.php?rest_route=\/wp\/v2\/users\/1"}],"replies":[{"embeddable":true,"href":"https:\/\/stendhal.fr\/index.php?rest_route=%2Fwp%2Fv2%2Fcomments&post=275"}],"version-history":[{"count":0,"href":"https:\/\/stendhal.fr\/index.php?rest_route=\/wp\/v2\/posts\/275\/revisions"}],"wp:attachment":[{"href":"https:\/\/stendhal.fr\/index.php?rest_route=%2Fwp%2Fv2%2Fmedia&parent=275"}],"wp:term":[{"taxonomy":"category","embeddable":true,"href":"https:\/\/stendhal.fr\/index.php?rest_route=%2Fwp%2Fv2%2Fcategories&post=275"},{"taxonomy":"post_tag","embeddable":true,"href":"https:\/\/stendhal.fr\/index.php?rest_route=%2Fwp%2Fv2%2Ftags&post=275"}],"curies":[{"name":"wp","href":"https:\/\/api.w.org\/{rel}","templated":true}]}}