{"id":274,"date":"2005-12-02T10:28:02","date_gmt":"2005-12-02T09:28:02","guid":{"rendered":"http:\/\/jy.reysset.free.fr\/wordpress\/?p=274"},"modified":"2008-07-11T09:41:15","modified_gmt":"2008-07-11T08:41:15","slug":"274","status":"publish","type":"post","link":"https:\/\/stendhal.fr\/?p=274","title":{"rendered":"S\u00e9minaire Stendhal"},"content":{"rendered":"<p>Le <strong>S\u00e9minaire Stendhal<\/strong>, consacr\u00e9 cette ann\u00e9e aux <strong> <em>Promenades dans Rome<\/em><\/strong>, tiendra sa premi\u00e8re s\u00e9ance le samedi 10 d\u00e9cembre      prochain, \u00e0 10 h 30, \u00e0 l&rsquo;ENS (45, rue d&rsquo;Ulm 75005 Paris).<br \/>\nLa      salle vous sera communiqu\u00e9e le jour-m\u00eame \u00e0 l&rsquo;accueil de l&rsquo;ENS.<\/p>\n<p>La s\u00e9ance sera organis\u00e9e en trois moments :<\/p>\n<p>1. Lucy Garnier :      Pr\u00e9sentation du site web du \u00ab\u00a0S\u00e9minaire Stendhal\u00a0\u00bb<br \/>\n2.      Fran\u00e7ois Vanoosthuyse : \u00ab\u00a0Les enjeux de la question du genre en contexte      stendhalien\u00a0\u00bb (synth\u00e8se et bilan des travaux du s\u00e9minaire de l&rsquo;an dernier)<br \/>\n3. Marie de Gandt: \u00ab\u00a0Les <em>Promenades dans Rome <\/em>: le temps court-circuit\u00e9\u00a0\u00bb<\/p>\n<p>Les s\u00e9ances suivantes auront lieu les samedis : &#8211; 28 janvier &#8211; 25 f\u00e9vrier &#8211; 25      mars &#8211; 29 avril &#8211; 20 mai &#8211; 10 juin<\/p>\n<p>Xavier Bourdenet<br \/>\nFran\u00e7ois      Vanoosthuyse<\/p>\n","protected":false},"excerpt":{"rendered":"<p>Le S\u00e9minaire Stendhal, consacr\u00e9 cette ann\u00e9e aux Promenades dans Rome, tiendra sa premi\u00e8re s\u00e9ance le samedi 10 d\u00e9cembre prochain, \u00e0 10 h 30, \u00e0 l&rsquo;ENS (45, rue d&rsquo;Ulm 75005 Paris). La salle vous sera communiqu\u00e9e le jour-m\u00eame \u00e0 l&rsquo;accueil de &hellip; <a href=\"https:\/\/stendhal.fr\/?p=274\">Continuer la lecture <span class=\"meta-nav\">&rarr;<\/span><\/a><\/p>\n","protected":false},"author":1,"featured_media":0,"comment_status":"open","ping_status":"open","sticky":false,"template":"","format":"standard","meta":{"jetpack_post_was_ever_published":false,"_jetpack_newsletter_access":"","_jetpack_dont_email_post_to_subs":false,"_jetpack_newsletter_tier_id":0,"_jetpack_memberships_contains_paywalled_content":false,"_jetpack_memberships_contains_paid_content":false,"footnotes":"","jetpack_publicize_message":"","jetpack_publicize_feature_enabled":true,"jetpack_social_post_already_shared":false,"jetpack_social_options":{"image_generator_settings":{"template":"highway","default_image_id":0,"font":"","enabled":false},"version":2}},"categories":[3],"tags":[],"class_list":["post-274","post","type-post","status-publish","format-standard","hentry","category-seminaires"],"jetpack_publicize_connections":[],"jetpack_featured_media_url":"","jetpack_sharing_enabled":true,"jetpack_shortlink":"https:\/\/wp.me\/s34K8b-274","jetpack_likes_enabled":true,"_links":{"self":[{"href":"https:\/\/stendhal.fr\/index.php?rest_route=\/wp\/v2\/posts\/274","targetHints":{"allow":["GET"]}}],"collection":[{"href":"https:\/\/stendhal.fr\/index.php?rest_route=\/wp\/v2\/posts"}],"about":[{"href":"https:\/\/stendhal.fr\/index.php?rest_route=\/wp\/v2\/types\/post"}],"author":[{"embeddable":true,"href":"https:\/\/stendhal.fr\/index.php?rest_route=\/wp\/v2\/users\/1"}],"replies":[{"embeddable":true,"href":"https:\/\/stendhal.fr\/index.php?rest_route=%2Fwp%2Fv2%2Fcomments&post=274"}],"version-history":[{"count":0,"href":"https:\/\/stendhal.fr\/index.php?rest_route=\/wp\/v2\/posts\/274\/revisions"}],"wp:attachment":[{"href":"https:\/\/stendhal.fr\/index.php?rest_route=%2Fwp%2Fv2%2Fmedia&parent=274"}],"wp:term":[{"taxonomy":"category","embeddable":true,"href":"https:\/\/stendhal.fr\/index.php?rest_route=%2Fwp%2Fv2%2Fcategories&post=274"},{"taxonomy":"post_tag","embeddable":true,"href":"https:\/\/stendhal.fr\/index.php?rest_route=%2Fwp%2Fv2%2Ftags&post=274"}],"curies":[{"name":"wp","href":"https:\/\/api.w.org\/{rel}","templated":true}]}}