{"id":273,"date":"2005-12-03T10:26:01","date_gmt":"2005-12-03T09:26:01","guid":{"rendered":"http:\/\/jy.reysset.free.fr\/wordpress\/?p=273"},"modified":"2008-07-11T09:41:55","modified_gmt":"2008-07-11T08:41:55","slug":"273","status":"publish","type":"post","link":"https:\/\/stendhal.fr\/?p=273","title":{"rendered":"S\u00e9minaire de l\u2019\u00e9quipe \u00ab\u00a0Techniques et pratiques de l&rsquo;Ecrit\u00a0\u00bb"},"content":{"rendered":"<h3 class=\"title\">ITEM &#8211; S\u00e9minaire de l\u2019\u00e9quipe \u00ab\u00a0Techniques et pratiques de l&rsquo;Ecrit\u00a0\u00bb (TPE)<\/h3>\n<p><strong>ITEM &#8211; S\u00e9minaire de l\u2019\u00e9quipe \u00ab\u00a0Techniques et pratiques de l&rsquo;Ecrit\u00a0\u00bb        (TPE)<\/strong><\/p>\n<p>Prochaine s\u00e9ance du s\u00e9minaire, le <strong>vendredi 9 d\u00e9cembre \u00e0 14        h.<\/strong><\/p>\n<p>au 4, rue Lhomond, 75005, 1er \u00e9tage \u00e0 dr., salle de Documentation.<\/p>\n<p>Deux ateliers en parall\u00e8le seront propos\u00e9s, au choix :<\/p>\n<p><strong>Claire Bustarret : Initiation \u00e0 la codicologie moderne<\/strong><\/p>\n<p>-1) Histoire du papier et description mat\u00e9rielle des corpus du XVIIIe        si\u00e8cle (notamment Diderot, Montesquieu, Condorcet)<\/p>\n<p><strong>Serge Link\u00e8s : Etude de la partie \u00ab Analyse g\u00e9n\u00e9tique \u00bb de la base de        donn\u00e9es MUSE.<\/strong><\/p>\n<p>S\u00e9ances ult\u00e9rieures en pr\u00e9vision :<\/p>\n<p>27 janvier 2006 : Initiation \u00e0 la codicologie 2) consacr\u00e9e au XIXe        si\u00e8cle.<\/p>\n<p>Nous aborderons le XXe si\u00e8cle soit le 3 soit le 24 mars.<\/p>\n<p>Suite du travail de r\u00e9flexion sur la base de donn\u00e9es MUSE.<\/p>\n<p>Pr\u00e9sentation de corpus \u00e9tudi\u00e9s par les participants (dates \u00e0 pr\u00e9ciser).<\/p>\n<p>S\u00e9ance de travail sur la terminologie (en codicologie moderne et en        critique g\u00e9n\u00e9tique). Visite de lieux de conservation pour consulter des        manuscrits originaux.<\/p>\n","protected":false},"excerpt":{"rendered":"<p>ITEM &#8211; S\u00e9minaire de l\u2019\u00e9quipe \u00ab\u00a0Techniques et pratiques de l&rsquo;Ecrit\u00a0\u00bb (TPE) ITEM &#8211; S\u00e9minaire de l\u2019\u00e9quipe \u00ab\u00a0Techniques et pratiques de l&rsquo;Ecrit\u00a0\u00bb (TPE) Prochaine s\u00e9ance du s\u00e9minaire, le vendredi 9 d\u00e9cembre \u00e0 14 h. au 4, rue Lhomond, 75005, 1er \u00e9tage &hellip; <a href=\"https:\/\/stendhal.fr\/?p=273\">Continuer la lecture <span class=\"meta-nav\">&rarr;<\/span><\/a><\/p>\n","protected":false},"author":1,"featured_media":0,"comment_status":"open","ping_status":"open","sticky":false,"template":"","format":"standard","meta":{"jetpack_post_was_ever_published":false,"_jetpack_newsletter_access":"","_jetpack_dont_email_post_to_subs":false,"_jetpack_newsletter_tier_id":0,"_jetpack_memberships_contains_paywalled_content":false,"_jetpack_memberships_contains_paid_content":false,"footnotes":"","jetpack_publicize_message":"","jetpack_publicize_feature_enabled":true,"jetpack_social_post_already_shared":false,"jetpack_social_options":{"image_generator_settings":{"template":"highway","default_image_id":0,"font":"","enabled":false},"version":2}},"categories":[3],"tags":[],"class_list":["post-273","post","type-post","status-publish","format-standard","hentry","category-seminaires"],"jetpack_publicize_connections":[],"jetpack_featured_media_url":"","jetpack_sharing_enabled":true,"jetpack_shortlink":"https:\/\/wp.me\/s34K8b-273","jetpack_likes_enabled":true,"_links":{"self":[{"href":"https:\/\/stendhal.fr\/index.php?rest_route=\/wp\/v2\/posts\/273","targetHints":{"allow":["GET"]}}],"collection":[{"href":"https:\/\/stendhal.fr\/index.php?rest_route=\/wp\/v2\/posts"}],"about":[{"href":"https:\/\/stendhal.fr\/index.php?rest_route=\/wp\/v2\/types\/post"}],"author":[{"embeddable":true,"href":"https:\/\/stendhal.fr\/index.php?rest_route=\/wp\/v2\/users\/1"}],"replies":[{"embeddable":true,"href":"https:\/\/stendhal.fr\/index.php?rest_route=%2Fwp%2Fv2%2Fcomments&post=273"}],"version-history":[{"count":0,"href":"https:\/\/stendhal.fr\/index.php?rest_route=\/wp\/v2\/posts\/273\/revisions"}],"wp:attachment":[{"href":"https:\/\/stendhal.fr\/index.php?rest_route=%2Fwp%2Fv2%2Fmedia&parent=273"}],"wp:term":[{"taxonomy":"category","embeddable":true,"href":"https:\/\/stendhal.fr\/index.php?rest_route=%2Fwp%2Fv2%2Fcategories&post=273"},{"taxonomy":"post_tag","embeddable":true,"href":"https:\/\/stendhal.fr\/index.php?rest_route=%2Fwp%2Fv2%2Ftags&post=273"}],"curies":[{"name":"wp","href":"https:\/\/api.w.org\/{rel}","templated":true}]}}