{"id":270,"date":"2005-12-16T10:22:12","date_gmt":"2005-12-16T09:22:12","guid":{"rendered":"http:\/\/jy.reysset.free.fr\/wordpress\/?p=270"},"modified":"2008-07-11T09:39:31","modified_gmt":"2008-07-11T08:39:31","slug":"270","status":"publish","type":"post","link":"https:\/\/stendhal.fr\/?p=270","title":{"rendered":"S\u00e9minaire de l\u2019\u00e9quipe \u00ab\u00a0Techniques et pratiques de l&rsquo;Ecrit\u00a0\u00bb"},"content":{"rendered":"<h3 class=\"title\">\u00ab\u00a0ITEM CNRS- S\u00e9minaire de l\u2019\u00e9quipe \u00ab\u00a0Techniques et pratiques de l&rsquo;Ecrit\u00a0\u00bb (TPE)<\/h3>\n<p align=\"center\"><strong>\u00ab\u00a0ITEM CNRS- S\u00e9minaire de l\u2019\u00e9quipe \u00ab\u00a0Techniques et pratiques de        l&rsquo;Ecrit\u00a0\u00bb (TPE)<br \/>\nProchaines s\u00e9ances<br \/>\nVendredi 14 h- 16 h        (Atelier 1 : Codicologie) et 14 h 30-16 h 30 (Atelier 2 : e-Muse),<br \/>\nITEM-CNRS, 4 rue Lhomond salle de documentation : <\/strong>\n<\/p>\n<p align=\"left\">&nbsp;<\/p>\n<p>&#8211; 27 janvier (attention changement d\u2019horaire pour l\u2019atelier 2)<br \/>\n&#8211; \u00e0 14 h : Atelier 1 (Claire Bustarret <a href=\"mailto:Claire.Bustarret@ens.fr\"> Claire.Bustarret@ens.fr<\/a> ) : Codicologie XVIIIe-XIX e s. et exercices        pratiques de description \u00e0 l\u2019aide des fichiers de la BDD MUSE.<br \/>\n&#8211; \u00e0 14 h 30 : Atelier 2 (Serge Link\u00e8s <a href=\"mailto:serge.linkes@univ-lr.fr\"> serge.linkes@univ-lr.fr<\/a>) : Pr\u00e9paration du Syst\u00e8me d\u2019information de MUSE        (le tout est abord\u00e9 du point de vue g\u00e9n\u00e9tique\/litt\u00e9raire et non du point        de vue informatique) Br\u00e8ve initiation aux SI appliqu\u00e9s \u00e0 l\u2019analyse des        manuscrits=&gt; cas simple du fichier \u00ab conservation \u00bb<br \/>\nR\u00e9flexion sur le SI global de MUSE<br \/>\nProposition de r\u00e9partition        des t\u00e2ches (\u00e0 discuter par la suite)<br \/>\nPr\u00e9sentation des        logiciels permettant de r\u00e9aliser la nouvelle version de MUSE        (avantages\/inconv\u00e9nients) &#8211; si le temps le permet.<\/p>\n<p>&#8211; 3 mars        : Intervention de Stefania Tesser sur le corpus des Consid\u00e9rations sur        la R\u00e9volution de Madame de Sta\u00ebl : description et probl\u00e8mes rencontr\u00e9s,        suivie d\u2019une discussion concernant les questions codicologiques et        g\u00e9n\u00e9tiques\/\u00e9ditoriales pos\u00e9es.<\/p>\n<p>&#8211; 24 mars :        Point sur les dossiers de candidature (dossier de financement ANR et\/ou        CNRS).<br \/>\nTh\u00e8me propos\u00e9 pour la s\u00e9ance de travail : les questions de        terminologie\u00a0\u00bb<\/p>\n","protected":false},"excerpt":{"rendered":"<p>\u00ab\u00a0ITEM CNRS- S\u00e9minaire de l\u2019\u00e9quipe \u00ab\u00a0Techniques et pratiques de l&rsquo;Ecrit\u00a0\u00bb (TPE) \u00ab\u00a0ITEM CNRS- S\u00e9minaire de l\u2019\u00e9quipe \u00ab\u00a0Techniques et pratiques de l&rsquo;Ecrit\u00a0\u00bb (TPE) Prochaines s\u00e9ances Vendredi 14 h- 16 h (Atelier 1 : Codicologie) et 14 h 30-16 h 30 (Atelier &hellip; <a href=\"https:\/\/stendhal.fr\/?p=270\">Continuer la lecture <span class=\"meta-nav\">&rarr;<\/span><\/a><\/p>\n","protected":false},"author":1,"featured_media":0,"comment_status":"open","ping_status":"open","sticky":false,"template":"","format":"standard","meta":{"jetpack_post_was_ever_published":false,"_jetpack_newsletter_access":"","_jetpack_dont_email_post_to_subs":false,"_jetpack_newsletter_tier_id":0,"_jetpack_memberships_contains_paywalled_content":false,"_jetpack_memberships_contains_paid_content":false,"footnotes":"","jetpack_publicize_message":"","jetpack_publicize_feature_enabled":true,"jetpack_social_post_already_shared":false,"jetpack_social_options":{"image_generator_settings":{"template":"highway","default_image_id":0,"font":"","enabled":false},"version":2}},"categories":[3],"tags":[],"class_list":["post-270","post","type-post","status-publish","format-standard","hentry","category-seminaires"],"jetpack_publicize_connections":[],"jetpack_featured_media_url":"","jetpack_sharing_enabled":true,"jetpack_shortlink":"https:\/\/wp.me\/s34K8b-270","jetpack_likes_enabled":true,"_links":{"self":[{"href":"https:\/\/stendhal.fr\/index.php?rest_route=\/wp\/v2\/posts\/270","targetHints":{"allow":["GET"]}}],"collection":[{"href":"https:\/\/stendhal.fr\/index.php?rest_route=\/wp\/v2\/posts"}],"about":[{"href":"https:\/\/stendhal.fr\/index.php?rest_route=\/wp\/v2\/types\/post"}],"author":[{"embeddable":true,"href":"https:\/\/stendhal.fr\/index.php?rest_route=\/wp\/v2\/users\/1"}],"replies":[{"embeddable":true,"href":"https:\/\/stendhal.fr\/index.php?rest_route=%2Fwp%2Fv2%2Fcomments&post=270"}],"version-history":[{"count":0,"href":"https:\/\/stendhal.fr\/index.php?rest_route=\/wp\/v2\/posts\/270\/revisions"}],"wp:attachment":[{"href":"https:\/\/stendhal.fr\/index.php?rest_route=%2Fwp%2Fv2%2Fmedia&parent=270"}],"wp:term":[{"taxonomy":"category","embeddable":true,"href":"https:\/\/stendhal.fr\/index.php?rest_route=%2Fwp%2Fv2%2Fcategories&post=270"},{"taxonomy":"post_tag","embeddable":true,"href":"https:\/\/stendhal.fr\/index.php?rest_route=%2Fwp%2Fv2%2Ftags&post=270"}],"curies":[{"name":"wp","href":"https:\/\/api.w.org\/{rel}","templated":true}]}}