{"id":261,"date":"2005-05-04T11:57:27","date_gmt":"2005-05-04T10:57:27","guid":{"rendered":"http:\/\/jy.reysset.free.fr\/wordpress\/?p=261"},"modified":"2008-07-10T09:52:15","modified_gmt":"2008-07-10T08:52:15","slug":"261","status":"publish","type":"post","link":"https:\/\/stendhal.fr\/?p=261","title":{"rendered":"Marie Parmentier (Universit\u00e9 Paris 3), \u00ab La focalisation dans le roman historique : le cas des Chroniques italiennes de Stendhal \u00bb"},"content":{"rendered":"<h3 class=\"title\">Marie Parmentier (Universit\u00e9 Paris 3), \u00ab La focalisation dans le roman historique : le cas des Chroniques italiennes de Stendhal \u00bb<\/h3>\n<p>Pour une approche narratologique du roman historique (19-21 mai 2005)<\/p>\n<p>Colloque organis\u00e9 par le Centre de Narratologie Appliqu\u00e9e de        l&rsquo;Universit\u00e9 de Nice.<\/p>\n<p>Jeudi 19 mai: Marie Parmentier (Universit\u00e9 Paris 3), \u00ab La focalisation        dans le roman historique : le cas des <em>Chroniques italiennes<\/em> de        Stendhal \u00bb.<\/p>\n","protected":false},"excerpt":{"rendered":"<p>Marie Parmentier (Universit\u00e9 Paris 3), \u00ab La focalisation dans le roman historique : le cas des Chroniques italiennes de Stendhal \u00bb Pour une approche narratologique du roman historique (19-21 mai 2005) Colloque organis\u00e9 par le Centre de Narratologie Appliqu\u00e9e de &hellip; <a href=\"https:\/\/stendhal.fr\/?p=261\">Continuer la lecture <span class=\"meta-nav\">&rarr;<\/span><\/a><\/p>\n","protected":false},"author":1,"featured_media":0,"comment_status":"open","ping_status":"open","sticky":false,"template":"","format":"standard","meta":{"jetpack_post_was_ever_published":false,"_jetpack_newsletter_access":"","_jetpack_dont_email_post_to_subs":false,"_jetpack_newsletter_tier_id":0,"_jetpack_memberships_contains_paywalled_content":false,"_jetpack_memberships_contains_paid_content":false,"footnotes":"","jetpack_publicize_message":"","jetpack_publicize_feature_enabled":true,"jetpack_social_post_already_shared":false,"jetpack_social_options":{"image_generator_settings":{"template":"highway","default_image_id":0,"font":"","enabled":false},"version":2}},"categories":[6,4],"tags":[],"class_list":["post-261","post","type-post","status-publish","format-standard","hentry","category-colloques","category-conferences"],"jetpack_publicize_connections":[],"jetpack_featured_media_url":"","jetpack_sharing_enabled":true,"jetpack_shortlink":"https:\/\/wp.me\/s34K8b-261","jetpack_likes_enabled":true,"_links":{"self":[{"href":"https:\/\/stendhal.fr\/index.php?rest_route=\/wp\/v2\/posts\/261","targetHints":{"allow":["GET"]}}],"collection":[{"href":"https:\/\/stendhal.fr\/index.php?rest_route=\/wp\/v2\/posts"}],"about":[{"href":"https:\/\/stendhal.fr\/index.php?rest_route=\/wp\/v2\/types\/post"}],"author":[{"embeddable":true,"href":"https:\/\/stendhal.fr\/index.php?rest_route=\/wp\/v2\/users\/1"}],"replies":[{"embeddable":true,"href":"https:\/\/stendhal.fr\/index.php?rest_route=%2Fwp%2Fv2%2Fcomments&post=261"}],"version-history":[{"count":0,"href":"https:\/\/stendhal.fr\/index.php?rest_route=\/wp\/v2\/posts\/261\/revisions"}],"wp:attachment":[{"href":"https:\/\/stendhal.fr\/index.php?rest_route=%2Fwp%2Fv2%2Fmedia&parent=261"}],"wp:term":[{"taxonomy":"category","embeddable":true,"href":"https:\/\/stendhal.fr\/index.php?rest_route=%2Fwp%2Fv2%2Fcategories&post=261"},{"taxonomy":"post_tag","embeddable":true,"href":"https:\/\/stendhal.fr\/index.php?rest_route=%2Fwp%2Fv2%2Ftags&post=261"}],"curies":[{"name":"wp","href":"https:\/\/api.w.org\/{rel}","templated":true}]}}