{"id":257,"date":"2005-04-13T17:03:48","date_gmt":"2005-04-13T16:03:48","guid":{"rendered":"http:\/\/jy.reysset.free.fr\/wordpress\/?p=257"},"modified":"2008-07-09T10:55:16","modified_gmt":"2008-07-09T09:55:16","slug":"257","status":"publish","type":"post","link":"https:\/\/stendhal.fr\/?p=257","title":{"rendered":"Conf\u00e9rence de Philippe Berthier"},"content":{"rendered":"<h3 class=\"title\">Le magazine litt\u00e9raire<\/h3>\n<p align=\"center\"><strong>Le magazine litt\u00e9raire<\/strong><\/p>\n<p align=\"center\"><strong>Les soir\u00e9es litt\u00e9raires avec la BNF<\/strong><\/p>\n<p align=\"center\"><strong>STENDHAL romancier<\/strong><\/p>\n<p align=\"center\">Conf\u00e9rence de Philippe Berthier, professeur de litt\u00e9rature fran\u00e7aise \u00e0        l&rsquo;universit\u00e9 Paris-III Sorbonne<br \/>\nsuivie d&rsquo;un d\u00e9bat anim\u00e9 par        Val\u00e9rie Marin La Mesl\u00e9e avec Yves Ansel et B\u00e9atrice Didier.<br \/>\nMercredi 13 avril \u00e0 18h30 Entr\u00e9e libre<br \/>\nBiblioth\u00e8que nationale de        France-site Fran\u00e7ois Mitterand<\/p>\n","protected":false},"excerpt":{"rendered":"<p>Le magazine litt\u00e9raire Le magazine litt\u00e9raire Les soir\u00e9es litt\u00e9raires avec la BNF STENDHAL romancier Conf\u00e9rence de Philippe Berthier, professeur de litt\u00e9rature fran\u00e7aise \u00e0 l&rsquo;universit\u00e9 Paris-III Sorbonne suivie d&rsquo;un d\u00e9bat anim\u00e9 par Val\u00e9rie Marin La Mesl\u00e9e avec Yves Ansel et B\u00e9atrice &hellip; <a href=\"https:\/\/stendhal.fr\/?p=257\">Continuer la lecture <span class=\"meta-nav\">&rarr;<\/span><\/a><\/p>\n","protected":false},"author":1,"featured_media":0,"comment_status":"open","ping_status":"open","sticky":false,"template":"","format":"standard","meta":{"jetpack_post_was_ever_published":false,"_jetpack_newsletter_access":"","_jetpack_dont_email_post_to_subs":false,"_jetpack_newsletter_tier_id":0,"_jetpack_memberships_contains_paywalled_content":false,"_jetpack_memberships_contains_paid_content":false,"footnotes":"","jetpack_publicize_message":"","jetpack_publicize_feature_enabled":true,"jetpack_social_post_already_shared":false,"jetpack_social_options":{"image_generator_settings":{"template":"highway","default_image_id":0,"font":"","enabled":false},"version":2}},"categories":[4],"tags":[],"class_list":["post-257","post","type-post","status-publish","format-standard","hentry","category-conferences"],"jetpack_publicize_connections":[],"jetpack_featured_media_url":"","jetpack_sharing_enabled":true,"jetpack_shortlink":"https:\/\/wp.me\/s34K8b-257","jetpack_likes_enabled":true,"_links":{"self":[{"href":"https:\/\/stendhal.fr\/index.php?rest_route=\/wp\/v2\/posts\/257","targetHints":{"allow":["GET"]}}],"collection":[{"href":"https:\/\/stendhal.fr\/index.php?rest_route=\/wp\/v2\/posts"}],"about":[{"href":"https:\/\/stendhal.fr\/index.php?rest_route=\/wp\/v2\/types\/post"}],"author":[{"embeddable":true,"href":"https:\/\/stendhal.fr\/index.php?rest_route=\/wp\/v2\/users\/1"}],"replies":[{"embeddable":true,"href":"https:\/\/stendhal.fr\/index.php?rest_route=%2Fwp%2Fv2%2Fcomments&post=257"}],"version-history":[{"count":0,"href":"https:\/\/stendhal.fr\/index.php?rest_route=\/wp\/v2\/posts\/257\/revisions"}],"wp:attachment":[{"href":"https:\/\/stendhal.fr\/index.php?rest_route=%2Fwp%2Fv2%2Fmedia&parent=257"}],"wp:term":[{"taxonomy":"category","embeddable":true,"href":"https:\/\/stendhal.fr\/index.php?rest_route=%2Fwp%2Fv2%2Fcategories&post=257"},{"taxonomy":"post_tag","embeddable":true,"href":"https:\/\/stendhal.fr\/index.php?rest_route=%2Fwp%2Fv2%2Ftags&post=257"}],"curies":[{"name":"wp","href":"https:\/\/api.w.org\/{rel}","templated":true}]}}