{"id":248,"date":"2004-03-01T16:24:21","date_gmt":"2004-03-01T15:24:21","guid":{"rendered":"http:\/\/jy.reysset.free.fr\/wordpress\/?p=248"},"modified":"2008-07-09T10:49:26","modified_gmt":"2008-07-09T09:49:26","slug":"248","status":"publish","type":"post","link":"https:\/\/stendhal.fr\/?p=248","title":{"rendered":"STENDHAL ET LE STYLE"},"content":{"rendered":"<h3 class=\"title\">STENDHAL ET LE STYLE<\/h3>\n<p>SORBONNE NOUVELLE<\/p>\n<p align=\"center\">UFR de Litt\u00e9ratures et Linguistiques fran\u00e7aise et latine<\/p>\n<p align=\"center\">COLLOQUE<\/p>\n<p align=\"center\"><strong>STENDHAL ET LE STYLE<\/strong><\/p>\n<p align=\"center\">19-20 mars 2004<\/p>\n<p align=\"center\">en Sorbonne, salle Bourjac 17, rue de la Sorbonne &#8211; 75005 Paris (au fond        de la galerie Rollin, \u00e0 gauche en entrant)<\/p>\n<p align=\"center\"><strong>Vendredi 19 mars 2004<\/strong><\/p>\n<p><strong>09 heures (Pr\u00e9sidence: Philippe BERTHIER):<\/strong><br \/>\nEric BORDAS (Paris 3): pr\u00e9sentation.<br \/>\nJacques-Philippe        SAINT-G\u00c9RAND (Clermont-Ferrand 2): \u00ab Contextualisations \u00bb.<br \/>\nYves ANSEL (Nantes) : \u00ab Politique du style \u00bb.<br \/>\nJean-Jacques HAMM        (Kingston): \u00ab R\u00e9ticences \u00bb.<br \/>\nMarie PARMENTIER (Paris        3): \u00ab Les paroles d&rsquo;autorit\u00e9 dans le roman stendhalien \u00bb.<br \/>\n<strong>14 heures (Pr\u00e9sidence: Pierre-Louis KEY):<\/strong><br \/>\nJacques NEEFS (Paris VIII): \u00ab L&rsquo;\u00e9criture d&rsquo;improvisation \u00bb.<br \/>\nAnne HERSCHBERG PIERROT (Paris VIII): \u00ab Le style des marges \u00bb.<br \/>\nPhilippe BERTHIER (Paris 3): \u00ab Le chant du cygne (Stendhal\/F\u00e9nelon) \u00bb.<br \/>\nB\u00e9atrice DIDIER (ENS Ulm): \u00ab La notion de style en musique chez Stendhal \u00bb.<br \/>\nBernard VOUILLOUX (Bordeaux 3): \u00ab Style et esth\u00e9tique \u00bb.<\/p>\n<p align=\"center\"><strong>Samedi 20 mars 2004<\/strong><br \/>\n<strong>09 heures 30 (Pr\u00e9sidence: Marie-Rose CORREDOR) :<\/strong><br \/>\nMarie-Christine LALA (Paris 3): \u00ab La gen\u00e8se du style comme \u00e9criture de        soi : le cas de <em>Armance<\/em> \u00bb.<br \/>\nLucien VICTOR        (Aix-en-Provence) : \u00ab La fiction de l&rsquo;intime \u00bb.<br \/>\nPierre-Louis REY (Paris 3) : \u00ab Les litotes amoureuses dans le <em>       Journal <\/em>\u00bb.<br \/>\nGilles PHILIPPE (Grenoble 3): \u00ab La stylistique        de Stendhal est-elle d&rsquo;abord une pragmatique du style ? \u00bb<br \/>\n<strong>14 heures 30 (Pr\u00e9sidence: Eric BORDAS):<\/strong><br \/>\nGeorges KLIEBENSTEIN (Poitiers): \u00ab Stendhal et la rh\u00e9torique \u00bb.<br \/>\nFran\u00e7ois VANOOSTHUYSE (Paris VIII): \u00ab Les op\u00e9rateurs d&rsquo;images du style romanesque        stendhalien \u00bb.<br \/>\nSt\u00e9phane CHAUDIER (Saint-Etienne): \u00ab Stendhal        entre les phrases \u00bb.<br \/>\nJacques DURRENMATI&rsquo; (Toulouse 2): \u00ab Que        faire du primitif? \u00bb.<\/p>\n<p align=\"center\">Avec le concours<br \/>\ndu Conseil scientifique, de la Formation doctorale        de litt\u00e9rature et civilisation fran\u00e7aises, du centre \u00ab Po\u00e9tique,        g\u00e9n\u00e9tique et informatique du texte litt\u00e9raire \u00bb, Universit\u00e9 de la        Sorbonne Nouvelle (Paris 3).<\/p>\n","protected":false},"excerpt":{"rendered":"<p>STENDHAL ET LE STYLE SORBONNE NOUVELLE UFR de Litt\u00e9ratures et Linguistiques fran\u00e7aise et latine COLLOQUE STENDHAL ET LE STYLE 19-20 mars 2004 en Sorbonne, salle Bourjac 17, rue de la Sorbonne &#8211; 75005 Paris (au fond de la galerie Rollin, &hellip; <a href=\"https:\/\/stendhal.fr\/?p=248\">Continuer la lecture <span class=\"meta-nav\">&rarr;<\/span><\/a><\/p>\n","protected":false},"author":1,"featured_media":0,"comment_status":"open","ping_status":"open","sticky":false,"template":"","format":"standard","meta":{"jetpack_post_was_ever_published":false,"_jetpack_newsletter_access":"","_jetpack_dont_email_post_to_subs":false,"_jetpack_newsletter_tier_id":0,"_jetpack_memberships_contains_paywalled_content":false,"_jetpack_memberships_contains_paid_content":false,"footnotes":"","jetpack_publicize_message":"","jetpack_publicize_feature_enabled":true,"jetpack_social_post_already_shared":false,"jetpack_social_options":{"image_generator_settings":{"template":"highway","default_image_id":0,"font":"","enabled":false},"version":2}},"categories":[6],"tags":[],"class_list":["post-248","post","type-post","status-publish","format-standard","hentry","category-colloques"],"jetpack_publicize_connections":[],"jetpack_featured_media_url":"","jetpack_sharing_enabled":true,"jetpack_shortlink":"https:\/\/wp.me\/s34K8b-248","jetpack_likes_enabled":true,"_links":{"self":[{"href":"https:\/\/stendhal.fr\/index.php?rest_route=\/wp\/v2\/posts\/248","targetHints":{"allow":["GET"]}}],"collection":[{"href":"https:\/\/stendhal.fr\/index.php?rest_route=\/wp\/v2\/posts"}],"about":[{"href":"https:\/\/stendhal.fr\/index.php?rest_route=\/wp\/v2\/types\/post"}],"author":[{"embeddable":true,"href":"https:\/\/stendhal.fr\/index.php?rest_route=\/wp\/v2\/users\/1"}],"replies":[{"embeddable":true,"href":"https:\/\/stendhal.fr\/index.php?rest_route=%2Fwp%2Fv2%2Fcomments&post=248"}],"version-history":[{"count":0,"href":"https:\/\/stendhal.fr\/index.php?rest_route=\/wp\/v2\/posts\/248\/revisions"}],"wp:attachment":[{"href":"https:\/\/stendhal.fr\/index.php?rest_route=%2Fwp%2Fv2%2Fmedia&parent=248"}],"wp:term":[{"taxonomy":"category","embeddable":true,"href":"https:\/\/stendhal.fr\/index.php?rest_route=%2Fwp%2Fv2%2Fcategories&post=248"},{"taxonomy":"post_tag","embeddable":true,"href":"https:\/\/stendhal.fr\/index.php?rest_route=%2Fwp%2Fv2%2Ftags&post=248"}],"curies":[{"name":"wp","href":"https:\/\/api.w.org\/{rel}","templated":true}]}}