{"id":216,"date":"2004-12-01T01:59:59","date_gmt":"2004-12-01T00:59:59","guid":{"rendered":"http:\/\/jy.reysset.free.fr\/wordpress\/?p=216"},"modified":"2008-07-09T10:51:45","modified_gmt":"2008-07-09T09:51:45","slug":"colloque-henri-beyle-un-ecrivain-meconnu","status":"publish","type":"post","link":"https:\/\/stendhal.fr\/?p=216","title":{"rendered":"Colloque \u00ab\u00a0Henri Beyle, un \u00e9crivain m\u00e9connu\u00a0\u00bb"},"content":{"rendered":"<p align=\"center\"><strong>Colloque \u00ab\u00a0Henri Beyle, un \u00e9crivain m\u00e9connu\u00a0\u00bb<\/strong><\/p>\n<p align=\"left\">Le colloque \u00ab\u00a0Henri Beyle, un \u00e9crivain m\u00e9connu\u00a0\u00bb, organis\u00e9 par HB,<br \/>\nStendhal aujourd&rsquo;hui et Paris XII, se tiendra \u00e0 l&rsquo;Universit\u00e9 Paris XII<br \/>\nles 19 et 20 novembre 2004. Il est \u00e0 signaler \u00e9galement que ce colloque<br \/>\nest illustr\u00e9 par une exposition <a href=\"http:\/\/www.univ-paris12.fr\/scd\/stendhal\/\"><br \/>\n\u00ab\u00a0Henri Beyle \u00e0 la conqu\u00eate de Stendhal\u00a0\u00bb<\/a>, \u00e0 la<br \/>\nBiblioth\u00e8que de l&rsquo;Universit\u00e9 Paris XII, du 19 novembre au 18 d\u00e9cembre<br \/>\n2004 (entr\u00e9e libre).\n<\/p>\n<p align=\"right\"><font face=\"Times New Roman, Times, serif\" size=\"3\">Alexandra Pion<\/font><\/p>\n<p align=\"right\">&nbsp;<\/p>\n<p align=\"center\"><strong>Programme :<\/strong><\/p>\n<p align=\"left\">Stendhal a beaucoup \u00e9crit avant Stendhal, dans l\u2019ombre clandestine du<br \/>\njournal ou de la correspondance, dans les essais dramatiques de sa<br \/>\njeunesse. C\u2019est ce premier Stendhal que nous souhaiterions explorer, en<br \/>\nconsid\u00e9rant pour la premi\u00e8re fois l\u2019\u0153uvre dans sa dimension la plus<br \/>\nlarge: notes, correspondance, journal, premiers essais dramatiques, etc.<br \/>\nL\u2019\u00e9poque a d\u00e9j\u00e0 \u00e9t\u00e9 \u00e9tudi\u00e9e dans son aspect litt\u00e9raire et \u00e9gotiste par<br \/>\nles livres classiques de V. Del Litto et de G. Blin, mais a-t-elle<br \/>\njamais fait l\u2019objet d\u2019une r\u00e9\u00e9valuation n\u00e9cessaire, qui regard\u00e2t la<br \/>\npremi\u00e8re p\u00e9riode des errements et des \u00e9checs comme une v\u00e9ritable p\u00e9riode<br \/>\nde cr\u00e9ation, contemporaine de la naissance et de la chute de l\u2019Empire,<br \/>\nentre les premiers essais dramatiques (1797) et les premi\u00e8res vies<br \/>\nd\u2019artistes (1814) ?<\/p>\n<p align=\"center\"><strong>Vendredi 19 novembre<br \/>\nmatin<br \/>\nsalle 222<\/strong>\n<\/p>\n<p align=\"left\">&nbsp;<\/p>\n<p>9h00: Accueil et allocution d\u2019ouverture par Madame le recteur Josiane<br \/>\nAttuel (Paris XII)<br \/>\nEsth\u00e9tique<br \/>\nPr\u00e9sident de s\u00e9ance: M. Francis<br \/>\nClaudon<br \/>\n9h30 Janine Gallant (Moncton): Les \u201cchoses muettes\u201d: une<br \/>\nesth\u00e9tique des arts visuels en devenir.<br \/>\n10h00 Marie-Pierre<br \/>\nChabanne (Nantes): L\u2019esth\u00e9tique avant 1815 (HPI, ms Chaper, Ecoles<br \/>\nitaliennes de peinture)<br \/>\n10h30 B\u00e9atrice Didier (ENS): Des <em><br \/>\nVies de Mozart, de Haydn et de M\u00e9tastase<\/em> \u00e0 l\u2019<em><br \/>\nHistoire de la peinture en Italie<\/em>: continuit\u00e9 ou rupture?<br \/>\n11h00 pause<br \/>\n11h30 H\u00e9l\u00e8ne De Jacquelot (ENS Pise): Traduire et \u00e9crire<br \/>\nla vie de Rapha\u00ebl<br \/>\n12h00 Letizia Norci Cagiano (Rome III):<br \/>\nPr\u00e9figurations de Rome ou la Rome imaginaire d\u2019Henri Beyle<br \/>\n12h30 Kajsa Andersson (\u00d6rebro): Dialogue avec Mme de Sta\u00ebl: Stendhal et<br \/>\nCorinne.<\/p>\n<p>13h00 Discussion suivie du d\u00e9jeuner (au restaurant<br \/>\nuniversitaire CROUS)<\/p>\n<p align=\"center\">&nbsp;<\/p>\n<p><strong>apr\u00e8s-midi<br \/>\nsalle 222<\/strong><\/p>\n<p align=\"left\">Journal<br \/>\nPr\u00e9sident de s\u00e9ance: Mme B\u00e9atrice Didier<br \/>\n15h00 Thierry Ozwald (Besan\u00e7on): Le <em>Journal<\/em> de Beyle<br \/>\n(1809-1811)<br \/>\n15h30 C\u00e9cile Meynard (Grenoble III): Stendhal 1801-1815:<br \/>\nle journal d\u2019un m\u00e9lancolique<br \/>\n16h00 Jasmin Lemke (Kiel): La<br \/>\npr\u00e9sence et la fonction de l\u2019\u00e9tranger dans les premiers \u00e9crits intimes<br \/>\nde Stendhal\n<\/p>\n<p align=\"center\"><strong>salle 346<\/strong><\/p>\n<p align=\"left\">Philosophie et id\u00e9ologie<br \/>\nPr\u00e9sident de s\u00e9ance: Mme Gabrielle<br \/>\nSmith-Pascal<br \/>\n15h00 Marie-Rose Corredor (Grenoble III): Les enjeux des<br \/>\npremi\u00e8res lectures de Pinel, 1804-1810.<br \/>\n15h30 Ferdinand Collier<br \/>\n(Paris I): Beyle id\u00e9ologue, Stendhal romancier.<br \/>\nLitt\u00e9rature et<br \/>\nphilosophie.<br \/>\n16h00 Daniel Sangsue (Neuch\u00e2tel): Stendhal et la<br \/>\nconnaissance de soi. (Le premier Stendhal, celui qui lit et applique les<br \/>\nid\u00e9ologues).<\/p>\n<p>16h30 Discussion suivie de l\u2019inauguration de<br \/>\nl\u2019exposition \u00ab\u00a0Henri Beyle \u00e0 la conqu\u00eate de Stendhal\u00a0\u00bb \u00e0 la Biblioth\u00e8que<br \/>\nUniversitaire Paris 12.<\/p>\n<p align=\"center\"><strong><br \/>\nSamedi 20 novembre<br \/>\nMatin<\/strong><br \/>\n<strong>salle 222 <\/strong>\n<\/p>\n<p align=\"left\">&nbsp;<\/p>\n<p>Histoire<br \/>\nPr\u00e9sident de s\u00e9ance: Mme Letizia Norci Cagiano<br \/>\n9h00 G\u00e9rald Rannaud (Grenoble III): Sur la \u201cguerre de Succession\u201d.<br \/>\n9h30 Xavier Bourdenet (Besan\u00e7on): L\u2019Histoire dans les lettres \u00e0 Pauline.<br \/>\n10h00 Fran\u00e7oise Guinoiseau (Lyon): Figures dans un paysage. Portrait de HB<br \/>\ncommissaire des guerres dans les lettres \u00e0 Pauline<br \/>\n10h30 pause<br \/>\n11h00 Elisabeth Scheele (Paris): Stendhal \u00e0 Wagram<br \/>\n11h30 Michel Brix<br \/>\n(Namur): Histoire et romanticisme<\/p>\n<p align=\"center\"><strong>salle 119<\/strong><\/p>\n<p align=\"left\">Th\u00e9\u00e2tre<br \/>\nPr\u00e9sident de s\u00e9ance: Mme Marie-Rose Corredor<br \/>\n9h00 Serge Link\u00e8s (La Rochelle): Stendhal dramaturge, Stendhal de toujours?<br \/>\n9h30 Suzel Esquier (CRRR Clermont-Ferrand): Le comique de Regnard.<br \/>\n10h00<br \/>\nPierrette-Marie Neaud (Paris): Henri Beyle \u00e9l\u00e8ve de Dugazon: un paradoxe<br \/>\nsur le com\u00e9dien.<br \/>\n10h30 Francesco Spandri (Rome III): \u201cAinsi je<br \/>\nserai le Moli\u00e8re tragique\u201d: Beyle et la po\u00e9tique du malheur.<\/p>\n<p>12h00 Discussion suivie du d\u00e9jeuner (buffet en salle)<\/p>\n<p align=\"center\"><strong>apr\u00e8s-midi<br \/>\nsalle 222<\/strong><\/p>\n<p align=\"left\">Avant le roman<br \/>\nPr\u00e9sident de s\u00e9ance: M. Michel Arrous<br \/>\n14h00 Catherine Mariette-Clot (Grenoble III): La naissance du romanesque<br \/>\ndans les premiers \u00e9crits intimes de Stendhal<br \/>\n14h30 Angels Santa<br \/>\n(Lleida): Le dialogue culturel dans le <em>Journal <\/em>(1801-1814).<br \/>\n15h00 Marthe Peyroux (Paris): Emile, Pauline: lire ou ne pas lire? Telle<br \/>\nest la question.<br \/>\n15h30 Jean-Jacques Hamm: Un auteur en qu\u00eate de<br \/>\npersonnages. Premi\u00e8res tentatives. Premiers indices.<\/p>\n<p>16h00<br \/>\ndiscussion<\/p>\n<p>16h15 Michel Crouzet (Paris IV): HB l\u2019anti-Ren\u00e9.<br \/>\nSynth\u00e8se et conclusion par M. Michel Crouzet<br \/>\n17h00: fin du colloque\n<\/p>\n<p align=\"center\">&nbsp;<\/p>\n<p>Venir au colloque -Universit\u00e9 Paris 12<\/p>\n<p align=\"left\">&nbsp;<\/p>\n<p>Ligne de m\u00e9tro n\u00b08 direction \u201cCr\u00e9teil\u201d &#8211; station \u201cCr\u00e9teil-Universit\u00e9\u201d.<br \/>\nSuivre les panneaux \u201cUniversit\u00e9\u201d.<br \/>\nEn voiture: A86<br \/>\ndirection \u201cCr\u00e9teil\u201d. Suivre \u201cCr\u00e9teil centre\u201d puis \u201cCr\u00e9teil Universit\u00e9\u201d.<br \/>\nPossibilit\u00e9 de se garer dans le parking de l\u2019Universit\u00e9 ou du Palais de<br \/>\nJustice.<br \/>\nEn arrivant sur la grande dalle, le b\u00e2timent I de la Facult\u00e9<br \/>\ndes Lettres est le premier b\u00e2timent sur la gauche. Salle 119: 1er \u00e9tage<br \/>\nSalle 222 2e \u00e9tage<br \/>\nSalle 346: 3e \u00e9tage<\/p>\n<p align=\"right\">&nbsp;<\/p>\n","protected":false},"excerpt":{"rendered":"<p>Colloque \u00ab\u00a0Henri Beyle, un \u00e9crivain m\u00e9connu\u00a0\u00bb Le colloque \u00ab\u00a0Henri Beyle, un \u00e9crivain m\u00e9connu\u00a0\u00bb, organis\u00e9 par HB, Stendhal aujourd&rsquo;hui et Paris XII, se tiendra \u00e0 l&rsquo;Universit\u00e9 Paris XII les 19 et 20 novembre 2004. Il est \u00e0 signaler \u00e9galement que ce &hellip; <a href=\"https:\/\/stendhal.fr\/?p=216\">Continuer la lecture <span class=\"meta-nav\">&rarr;<\/span><\/a><\/p>\n","protected":false},"author":1,"featured_media":0,"comment_status":"open","ping_status":"open","sticky":false,"template":"","format":"standard","meta":{"jetpack_post_was_ever_published":false,"_jetpack_newsletter_access":"","_jetpack_dont_email_post_to_subs":false,"_jetpack_newsletter_tier_id":0,"_jetpack_memberships_contains_paywalled_content":false,"_jetpack_memberships_contains_paid_content":false,"footnotes":"","jetpack_publicize_message":"","jetpack_publicize_feature_enabled":true,"jetpack_social_post_already_shared":false,"jetpack_social_options":{"image_generator_settings":{"template":"highway","default_image_id":0,"font":"","enabled":false},"version":2}},"categories":[6],"tags":[],"class_list":["post-216","post","type-post","status-publish","format-standard","hentry","category-colloques"],"jetpack_publicize_connections":[],"jetpack_featured_media_url":"","jetpack_sharing_enabled":true,"jetpack_shortlink":"https:\/\/wp.me\/p34K8b-3u","jetpack_likes_enabled":true,"_links":{"self":[{"href":"https:\/\/stendhal.fr\/index.php?rest_route=\/wp\/v2\/posts\/216","targetHints":{"allow":["GET"]}}],"collection":[{"href":"https:\/\/stendhal.fr\/index.php?rest_route=\/wp\/v2\/posts"}],"about":[{"href":"https:\/\/stendhal.fr\/index.php?rest_route=\/wp\/v2\/types\/post"}],"author":[{"embeddable":true,"href":"https:\/\/stendhal.fr\/index.php?rest_route=\/wp\/v2\/users\/1"}],"replies":[{"embeddable":true,"href":"https:\/\/stendhal.fr\/index.php?rest_route=%2Fwp%2Fv2%2Fcomments&post=216"}],"version-history":[{"count":0,"href":"https:\/\/stendhal.fr\/index.php?rest_route=\/wp\/v2\/posts\/216\/revisions"}],"wp:attachment":[{"href":"https:\/\/stendhal.fr\/index.php?rest_route=%2Fwp%2Fv2%2Fmedia&parent=216"}],"wp:term":[{"taxonomy":"category","embeddable":true,"href":"https:\/\/stendhal.fr\/index.php?rest_route=%2Fwp%2Fv2%2Fcategories&post=216"},{"taxonomy":"post_tag","embeddable":true,"href":"https:\/\/stendhal.fr\/index.php?rest_route=%2Fwp%2Fv2%2Ftags&post=216"}],"curies":[{"name":"wp","href":"https:\/\/api.w.org\/{rel}","templated":true}]}}