{"id":196,"date":"2006-02-09T01:59:59","date_gmt":"2006-02-09T00:59:59","guid":{"rendered":"http:\/\/jy.reysset.free.fr\/wordpress\/?p=196"},"modified":"2008-07-11T09:36:26","modified_gmt":"2008-07-11T08:36:26","slug":"la-grande-dispute-essai-sur-lambition-stendhal-et-le-xixe-siecle","status":"publish","type":"post","link":"https:\/\/stendhal.fr\/?p=196","title":{"rendered":"La grande dispute. Essai sur l&rsquo;ambition, Stendhal et le XIXe si\u00e8cle"},"content":{"rendered":"<p align=\"center\"><strong>La grande dispute. Essai sur l&rsquo;ambition, Stendhal et le XIXe<br \/>\nsi\u00e8cle <\/strong><\/p>\n<p align=\"center\"><strong>Michel Gu\u00e9rin. <\/strong><a href=\"http:\/\/www.actes-sud.fr\/ficheud.php?codeud=as2515\"><br \/>\nActes Sud<\/a><strong>, 2006, 23,90 \u20ac<\/strong>\n<\/p>\n<p align=\"center\">&nbsp;<\/p>\n<p align=\"center\"><iframe src=\"http:\/\/rcm-fr.amazon.fr\/e\/cm?t=sitesten-21&amp;o=8&amp;p=8&amp;l=as1&amp;asins=2742759271&amp;fc1=000000&amp;IS2=1&amp;lt1=_blank&amp;lc1=0000FF&amp;bc1=000000&amp;bg1=FFFFFF&amp;f=ifr\" style=\"width: 120px; height: 240px\" marginwidth=\"0\" marginheight=\"0\" frameborder=\"0\" scrolling=\"no\"><\/iframe><\/p>\n<p align=\"center\">Cet essai est \u00e0 la fois un livre sur Stendhal, une r\u00e9flexion sur le<br \/>\nroman et une m\u00e9ditation sur le XIXe si\u00e8cle ; il est port\u00e9 par la<br \/>\nquestion de l&rsquo;ambition qui livre sans doute, dans la fiction<br \/>\nromanesque comme dans la r\u00e9alit\u00e9 politique, une des cl\u00e9s pour<br \/>\ncomprendre ce si\u00e8cle, apparemment loin de nous et cependant si<br \/>\nproche.\n<\/p>\n<p align=\"center\">&nbsp;<\/p>\n<p>Michel GU\u00c9RIN La Grande Dispute<br \/>\nCollection\u00a0\u00bbUn endroit o\u00f9<br \/>\naller\u00a0\u00bb Essais<br \/>\nf\u00e9vrier 2006 \/ 10 x 19 \/ 272 pages<br \/>\nISBN<br \/>\n2-7427-5927-1 \/ AS2515<br \/>\nprix indicatif : 23,90 \u20ac<br \/>\ndisponible<br \/>\nen librairie le 03\/02\/2006<\/p>\n<p align=\"left\">\u00c0noter: on peut \u00e9couter \u00e0 l&rsquo;adresse <a href=\"http:\/\/www.actes-sud.fr\/ficheud.php?codeud=as2515\"><br \/>\nActes Sud<\/a><a href=\"http:\/\/\"> <\/a> un extrait du texte.<\/p>\n<p>Voir \u00e9galement l&rsquo;article de Marielle Mac\u00e9 sur Fabula \u00ab\u00a0La grande<br \/>\ndispute. Essai sur l&rsquo;ambition, Stendhal et le XIXe si\u00e8cle\u00a0\u00bb, Actualit\u00e9s<br \/>\nde Fabula, samedi 4 f\u00e9vrier 2006, URL :<a href=\"http:\/\/www.fabula.org\/actualites\/article13273.php\"><br \/>\nhttp:\/\/www.fabula.org\/actualites\/article13273.php<\/a><\/p>\n","protected":false},"excerpt":{"rendered":"<p>La grande dispute. Essai sur l&rsquo;ambition, Stendhal et le XIXe si\u00e8cle Michel Gu\u00e9rin. Actes Sud, 2006, 23,90 \u20ac &nbsp; Cet essai est \u00e0 la fois un livre sur Stendhal, une r\u00e9flexion sur le roman et une m\u00e9ditation sur le XIXe &hellip; <a href=\"https:\/\/stendhal.fr\/?p=196\">Continuer la lecture <span class=\"meta-nav\">&rarr;<\/span><\/a><\/p>\n","protected":false},"author":1,"featured_media":0,"comment_status":"open","ping_status":"open","sticky":false,"template":"","format":"standard","meta":{"jetpack_post_was_ever_published":false,"_jetpack_newsletter_access":"","_jetpack_dont_email_post_to_subs":false,"_jetpack_newsletter_tier_id":0,"_jetpack_memberships_contains_paywalled_content":false,"_jetpack_memberships_contains_paid_content":false,"footnotes":"","jetpack_publicize_message":"","jetpack_publicize_feature_enabled":true,"jetpack_social_post_already_shared":false,"jetpack_social_options":{"image_generator_settings":{"template":"highway","default_image_id":0,"font":"","enabled":false},"version":2}},"categories":[2],"tags":[],"class_list":["post-196","post","type-post","status-publish","format-standard","hentry","category-nouvelles-publications"],"jetpack_publicize_connections":[],"jetpack_featured_media_url":"","jetpack_sharing_enabled":true,"jetpack_shortlink":"https:\/\/wp.me\/p34K8b-3a","jetpack_likes_enabled":true,"_links":{"self":[{"href":"https:\/\/stendhal.fr\/index.php?rest_route=\/wp\/v2\/posts\/196","targetHints":{"allow":["GET"]}}],"collection":[{"href":"https:\/\/stendhal.fr\/index.php?rest_route=\/wp\/v2\/posts"}],"about":[{"href":"https:\/\/stendhal.fr\/index.php?rest_route=\/wp\/v2\/types\/post"}],"author":[{"embeddable":true,"href":"https:\/\/stendhal.fr\/index.php?rest_route=\/wp\/v2\/users\/1"}],"replies":[{"embeddable":true,"href":"https:\/\/stendhal.fr\/index.php?rest_route=%2Fwp%2Fv2%2Fcomments&post=196"}],"version-history":[{"count":0,"href":"https:\/\/stendhal.fr\/index.php?rest_route=\/wp\/v2\/posts\/196\/revisions"}],"wp:attachment":[{"href":"https:\/\/stendhal.fr\/index.php?rest_route=%2Fwp%2Fv2%2Fmedia&parent=196"}],"wp:term":[{"taxonomy":"category","embeddable":true,"href":"https:\/\/stendhal.fr\/index.php?rest_route=%2Fwp%2Fv2%2Fcategories&post=196"},{"taxonomy":"post_tag","embeddable":true,"href":"https:\/\/stendhal.fr\/index.php?rest_route=%2Fwp%2Fv2%2Ftags&post=196"}],"curies":[{"name":"wp","href":"https:\/\/api.w.org\/{rel}","templated":true}]}}