{"id":195,"date":"2006-03-21T01:59:59","date_gmt":"2006-03-21T00:59:59","guid":{"rendered":"http:\/\/jy.reysset.free.fr\/wordpress\/?p=195"},"modified":"2008-07-11T09:31:33","modified_gmt":"2008-07-11T08:31:33","slug":"stendhal-la-revolte-et-les-reves-editions-glenat","status":"publish","type":"post","link":"https:\/\/stendhal.fr\/?p=195","title":{"rendered":"Stendhal. La r\u00e9volte et les r\u00eaves \u00c9ditions Gl\u00e9nat"},"content":{"rendered":"<p align=\"center\"><iframe src=\"http:\/\/rcm-fr.amazon.fr\/e\/cm?t=sitesten-21&amp;o=8&amp;p=8&amp;l=as1&amp;asins=272345259X&amp;fc1=000000&amp;IS2=1&amp;lt1=_blank&amp;lc1=0000FF&amp;bc1=000000&amp;bg1=FFFFFF&amp;f=ifr\" style=\"width: 120px; height: 240px\" marginwidth=\"0\" marginheight=\"0\" frameborder=\"0\" scrolling=\"no\"><\/iframe><\/p>\n<p> <font size=\"14\"><br \/>\n<\/font><strong><em>Stendhal. La r\u00e9volte et les r\u00eaves<\/em><\/strong><\/p>\n<p>144 pages, 24&#215;32 cm, prix : 45\u20ac<\/p>\n<p><a href=\"http:\/\/www.glenat.com\/accueil.htm\">Editions Gl\u00e9nat<\/a>,<br \/>\ncollection <em>D\u00e9couverte du patrimoine<\/em><\/p>\n<p>Parution mars 2006. Disponible en librairie.<\/p>\n<p>Richement illustr\u00e9 avec des documents issus en particulier des<br \/>\ncollections de la Biblioth\u00e8quemunicipale<br \/>\nde Grenoble et du Mus\u00e9e Stendhal (manuscrits, \u00e9ditions originales,<br \/>\ngravures, dessins, tableaux\u2026), cet ouvrage permet de<br \/>\nd\u00e9couvrir la vie et l\u2019oeuvre d\u2019un \u00e9crivain, auteur de quelques-unes<br \/>\ndes plus grandes pages de la litt\u00e9rature fran\u00e7aise.<\/p>\n<p>Coordonn\u00e9e par Marie-Fran\u00e7oise Bois-Delatte, conservateur en chef \u00e0 la<br \/>\nBiblioth\u00e8que municipale de Grenoble, b\u00e9n\u00e9ficiant du conseil<br \/>\nscientifique de G\u00e9rald Rannaud, cette publication r\u00e9unit les<br \/>\ncontributions d\u2019\u00e9minents sp\u00e9cialistes :<\/p>\n<p>Yves Ansel, Philippe Berthier, Ren\u00e9 Bourgeois, Ren\u00e9e D\u00e9nier,<br \/>\nJean-Jacques Labia, Catherine<\/p>\n<p>Mariette-Clot, C\u00e9cile Meynard, G\u00e9rald Rannaud, Jean Serroy, H\u00e9l\u00e8ne<br \/>\nSpengler.<\/p>\n","protected":false},"excerpt":{"rendered":"<p>Stendhal. La r\u00e9volte et les r\u00eaves 144 pages, 24&#215;32 cm, prix : 45\u20ac Editions Gl\u00e9nat, collection D\u00e9couverte du patrimoine Parution mars 2006. Disponible en librairie. Richement illustr\u00e9 avec des documents issus en particulier des collections de la Biblioth\u00e8quemunicipale de Grenoble &hellip; <a href=\"https:\/\/stendhal.fr\/?p=195\">Continuer la lecture <span class=\"meta-nav\">&rarr;<\/span><\/a><\/p>\n","protected":false},"author":1,"featured_media":0,"comment_status":"open","ping_status":"open","sticky":false,"template":"","format":"standard","meta":{"jetpack_post_was_ever_published":false,"_jetpack_newsletter_access":"","_jetpack_dont_email_post_to_subs":false,"_jetpack_newsletter_tier_id":0,"_jetpack_memberships_contains_paywalled_content":false,"_jetpack_memberships_contains_paid_content":false,"footnotes":"","jetpack_publicize_message":"","jetpack_publicize_feature_enabled":true,"jetpack_social_post_already_shared":false,"jetpack_social_options":{"image_generator_settings":{"template":"highway","default_image_id":0,"font":"","enabled":false},"version":2}},"categories":[2],"tags":[],"class_list":["post-195","post","type-post","status-publish","format-standard","hentry","category-nouvelles-publications"],"jetpack_publicize_connections":[],"jetpack_featured_media_url":"","jetpack_sharing_enabled":true,"jetpack_shortlink":"https:\/\/wp.me\/p34K8b-39","jetpack_likes_enabled":true,"_links":{"self":[{"href":"https:\/\/stendhal.fr\/index.php?rest_route=\/wp\/v2\/posts\/195","targetHints":{"allow":["GET"]}}],"collection":[{"href":"https:\/\/stendhal.fr\/index.php?rest_route=\/wp\/v2\/posts"}],"about":[{"href":"https:\/\/stendhal.fr\/index.php?rest_route=\/wp\/v2\/types\/post"}],"author":[{"embeddable":true,"href":"https:\/\/stendhal.fr\/index.php?rest_route=\/wp\/v2\/users\/1"}],"replies":[{"embeddable":true,"href":"https:\/\/stendhal.fr\/index.php?rest_route=%2Fwp%2Fv2%2Fcomments&post=195"}],"version-history":[{"count":0,"href":"https:\/\/stendhal.fr\/index.php?rest_route=\/wp\/v2\/posts\/195\/revisions"}],"wp:attachment":[{"href":"https:\/\/stendhal.fr\/index.php?rest_route=%2Fwp%2Fv2%2Fmedia&parent=195"}],"wp:term":[{"taxonomy":"category","embeddable":true,"href":"https:\/\/stendhal.fr\/index.php?rest_route=%2Fwp%2Fv2%2Fcategories&post=195"},{"taxonomy":"post_tag","embeddable":true,"href":"https:\/\/stendhal.fr\/index.php?rest_route=%2Fwp%2Fv2%2Ftags&post=195"}],"curies":[{"name":"wp","href":"https:\/\/api.w.org\/{rel}","templated":true}]}}