{"id":1810,"date":"2023-08-30T10:04:52","date_gmt":"2023-08-30T09:04:52","guid":{"rendered":"https:\/\/stendhal.fr\/?p=1810"},"modified":"2023-09-05T15:33:02","modified_gmt":"2023-09-05T14:33:02","slug":"philipp-lammers-stendhal-et-les-memoires-dans-le-sillage-de-lhistoire","status":"publish","type":"post","link":"https:\/\/stendhal.fr\/?p=1810","title":{"rendered":"Philipp Lammers, Stendhal et les M\u00e9moires. Dans le sillage de l&rsquo;Histoire"},"content":{"rendered":"<div class=\"wp-block-image\">\n<figure class=\"aligncenter is-resized\"><img loading=\"lazy\" decoding=\"async\" src=\"https:\/\/www.fabula.org\/actualites\/documents\/115648_f3defccf05f57568640ec9cb239c4c44.jpg\" alt=\"Philipp Lammers, Stendhal et les M\u00e9moires. Dans le sillage de l'Histoire\" width=\"324\" height=\"508\"\/><\/figure>\n<\/div>\n\n\n<p>Grenoble, <a href=\"https:\/\/www.uga-editions.com\/menu-principal\/collections-et-revues\/toutes-nos-collections\/bibliotheque-stendhalienne-et-romantique\/stendhal-et-les-memoires-1218315.kjsp?RH=1506588967241\" target=\"_blank\" rel=\"noreferrer noopener\">UGA,<\/a> 2023 EAN : 9782377474158 334 pages Prix : 25 EUR Date de publication : 07 Septembre 2023<\/p>\n\n\n\n<p>On sait que Stendhal fut un fervent lecteur de M\u00e9moires. Le r\u00f4le jou\u00e9 par ces lectures dans la constitution de son \u0153uvre n\u2019avait gu\u00e8re fait, pourtant, l\u2019objet d\u2019\u00e9tudes approfondies. Cette question, ici, est au c\u0153ur de l\u2019ouvrage, qui donne \u00e0 mesurer son ampleur.<\/p>\n\n\n\n<p>La fascination de Stendhal pour les M\u00e9moires est replac\u00e9e dans le contexte de l\u2019\u00e9poque&nbsp;: ce genre, qui conna\u00eet un essor particulier sous la Restauration, influence \u00e0 la fois historiens et romanciers, dans leurs tentatives concurrentes, mais aussi leurs efforts communs pour \u00e9crire l\u2019Histoire de leur temps. L\u2019importance, pour l\u2019\u00e9laboration de l\u2019esth\u00e9tique stendhalienne, de cette relation \u00e0 l\u2019\u00e9criture m\u00e9morialiste est saisie selon une triple perspective&nbsp;: le livre m\u00e8ne d\u2019abord l\u2019analyse de la r\u00e9ception critique des M\u00e9moires par Stendhal et des le\u00e7ons qu\u2019il en tire, puis fait appara\u00eetre le lien entre ses \u00e9crits biographiques et autobiographiques et les M\u00e9moires postr\u00e9volutionnaires et bonapartistes, et enfin \u00e9tudie, \u00e0 travers l\u2019exemple du Rouge et le Noir, comment le roman stendhalien travaille le mat\u00e9riau fourni par les M\u00e9moires.<\/p>\n\n\n\n<p><strong>Philipp Lammers<\/strong> est enseignant-chercheur \u00e0 l\u2019Universit\u00e9 de Constance et chercheur postdoctoral au sein du groupe de recherche NOMIS \u00ab&nbsp;Traveling Forms&nbsp;\u00bb, en Allemagne. Sa th\u00e8se, qui est \u00e0 l\u2019origine de cet ouvrage, a \u00e9t\u00e9 laur\u00e9ate du Prix de th\u00e8se de l\u2019Universit\u00e9 Grenoble Alpes et du Prix Germaine de Sta\u00ebl de l\u2019ambassade de France en Allemagne et de l\u2019Association des francoromanistes.<\/p>\n","protected":false},"excerpt":{"rendered":"<p>Grenoble, UGA, 2023 EAN : 9782377474158 334 pages Prix : 25 EUR Date de publication : 07 Septembre 2023 On sait que Stendhal fut un fervent lecteur de M\u00e9moires. Le r\u00f4le jou\u00e9 par ces lectures dans la constitution de son &hellip; <a href=\"https:\/\/stendhal.fr\/?p=1810\">Continuer la lecture <span class=\"meta-nav\">&rarr;<\/span><\/a><\/p>\n","protected":false},"author":1,"featured_media":0,"comment_status":"closed","ping_status":"open","sticky":false,"template":"","format":"standard","meta":{"jetpack_post_was_ever_published":false,"_jetpack_newsletter_access":"","_jetpack_dont_email_post_to_subs":false,"_jetpack_newsletter_tier_id":0,"_jetpack_memberships_contains_paywalled_content":false,"_jetpack_memberships_contains_paid_content":false,"footnotes":"","jetpack_publicize_message":"","jetpack_publicize_feature_enabled":true,"jetpack_social_post_already_shared":true,"jetpack_social_options":{"image_generator_settings":{"template":"highway","default_image_id":0,"font":"","enabled":false},"version":2}},"categories":[2],"tags":[],"class_list":["post-1810","post","type-post","status-publish","format-standard","hentry","category-nouvelles-publications"],"jetpack_publicize_connections":[],"jetpack_featured_media_url":"","jetpack_sharing_enabled":true,"jetpack_shortlink":"https:\/\/wp.me\/p34K8b-tc","jetpack_likes_enabled":true,"_links":{"self":[{"href":"https:\/\/stendhal.fr\/index.php?rest_route=\/wp\/v2\/posts\/1810","targetHints":{"allow":["GET"]}}],"collection":[{"href":"https:\/\/stendhal.fr\/index.php?rest_route=\/wp\/v2\/posts"}],"about":[{"href":"https:\/\/stendhal.fr\/index.php?rest_route=\/wp\/v2\/types\/post"}],"author":[{"embeddable":true,"href":"https:\/\/stendhal.fr\/index.php?rest_route=\/wp\/v2\/users\/1"}],"replies":[{"embeddable":true,"href":"https:\/\/stendhal.fr\/index.php?rest_route=%2Fwp%2Fv2%2Fcomments&post=1810"}],"version-history":[{"count":2,"href":"https:\/\/stendhal.fr\/index.php?rest_route=\/wp\/v2\/posts\/1810\/revisions"}],"predecessor-version":[{"id":1812,"href":"https:\/\/stendhal.fr\/index.php?rest_route=\/wp\/v2\/posts\/1810\/revisions\/1812"}],"wp:attachment":[{"href":"https:\/\/stendhal.fr\/index.php?rest_route=%2Fwp%2Fv2%2Fmedia&parent=1810"}],"wp:term":[{"taxonomy":"category","embeddable":true,"href":"https:\/\/stendhal.fr\/index.php?rest_route=%2Fwp%2Fv2%2Fcategories&post=1810"},{"taxonomy":"post_tag","embeddable":true,"href":"https:\/\/stendhal.fr\/index.php?rest_route=%2Fwp%2Fv2%2Ftags&post=1810"}],"curies":[{"name":"wp","href":"https:\/\/api.w.org\/{rel}","templated":true}]}}