{"id":1801,"date":"2023-05-30T10:37:33","date_gmt":"2023-05-30T09:37:33","guid":{"rendered":"https:\/\/stendhal.fr\/?p=1801"},"modified":"2023-05-30T10:53:16","modified_gmt":"2023-05-30T09:53:16","slug":"stendhal-figures-de-linsoumission","status":"publish","type":"post","link":"https:\/\/stendhal.fr\/?p=1801","title":{"rendered":"Stendhal. Figures de l&rsquo;insoumission"},"content":{"rendered":"\n<p class=\"has-text-align-center\">Richard BELLIN<br \/><a href=\"https:\/\/dev.michalon.fr\/index.asp?navig=catalogue&amp;obj=livre&amp;no=76333\" target=\"_blank\" rel=\"noreferrer noopener\">Michalon<\/a><br \/>Le bien commun<br \/>PHILOSOPHIE<br \/><\/p>\n\n\n<div class=\"wp-block-image\">\n<figure class=\"aligncenter size-full\"><a href=\"https:\/\/stendhal.fr\/wp-content\/2023\/05\/image-1.png\"><img loading=\"lazy\" decoding=\"async\" width=\"150\" height=\"242\" src=\"https:\/\/stendhal.fr\/wp-content\/2023\/05\/image-1.png\" alt=\"\" class=\"wp-image-1803\"\/><\/a><\/figure>\n<\/div>\n\n\n<p>Le malaise de Stendhal (1783-1842) face \u00e0 l&rsquo;autorit\u00e9 est une dimension essentielle de son \u0153uvre. R\u00e9tif \u00e0 la subir, il se sent \u00e9galement inapte \u00e0 l&rsquo;exercer. Son \u0153uvre constitue une vaste insurrection imaginaire contre l&rsquo;ordre \u00e9tabli, assise sur les moyens du burlesque, de la d\u00e9rision et de l&rsquo;ironie.<br \/>Ce n&rsquo;est pas seulement l&rsquo;Ancien R\u00e9gime que ce lib\u00e9ral combat, mais le pouvoir en g\u00e9n\u00e9ral, envers lequel il exerce son scepticisme. C&rsquo;est cette insoumission fondamentale qui conf\u00e8re \u00e0 l&rsquo;\u0153uvre de Stendhal sa puissance de s\u00e9duction et sa force subversive.<br \/><\/p>\n\n\n\n<p><em>Richard Bellin est magistrat \u00e0 la Cour des comptes. N\u00e9 \u00e0 Grenoble, il a travaill\u00e9 pendant plusieurs ann\u00e9es dans une organisation internationale \u00e0 Rome.<\/em><\/p>\n\n\n\n<p>\u00c9diteur: <a rel=\"noreferrer noopener\" href=\"https:\/\/dev.michalon.fr\/index.asp?navig=catalogue&amp;obj=livre&amp;no=76333\" target=\"_blank\">Michalon<\/a><br \/>Broch\u00e9 &#8211; format : 11,5 x 18,5 cm 12 euros<br \/>Langue\u00a0:\u00a0fran\u00e7ais<br \/>ISBN\u00a0:\u00a0978-2-347-00218-3\u00a0\u2022 13\u00a0avril\u00a02023\u00a0\u2022 128\u00a0pages<br \/>EAN PDF : 9782347002190<br \/>EAN ePUB : 9782347002206<\/p>\n\n\n\n<p><\/p>\n","protected":false},"excerpt":{"rendered":"<p>Richard BELLINMichalonLe bien communPHILOSOPHIE Le malaise de Stendhal (1783-1842) face \u00e0 l&rsquo;autorit\u00e9 est une dimension essentielle de son \u0153uvre. R\u00e9tif \u00e0 la subir, il se sent \u00e9galement inapte \u00e0 l&rsquo;exercer. Son \u0153uvre constitue une vaste insurrection imaginaire contre l&rsquo;ordre \u00e9tabli, &hellip; <a href=\"https:\/\/stendhal.fr\/?p=1801\">Continuer la lecture <span class=\"meta-nav\">&rarr;<\/span><\/a><\/p>\n","protected":false},"author":1,"featured_media":0,"comment_status":"closed","ping_status":"open","sticky":false,"template":"","format":"standard","meta":{"jetpack_post_was_ever_published":false,"_jetpack_newsletter_access":"","_jetpack_dont_email_post_to_subs":false,"_jetpack_newsletter_tier_id":0,"_jetpack_memberships_contains_paywalled_content":false,"_jetpack_memberships_contains_paid_content":false,"footnotes":"","jetpack_publicize_message":"","jetpack_publicize_feature_enabled":true,"jetpack_social_post_already_shared":true,"jetpack_social_options":{"image_generator_settings":{"template":"highway","default_image_id":0,"font":"","enabled":false},"version":2}},"categories":[2],"tags":[],"class_list":["post-1801","post","type-post","status-publish","format-standard","hentry","category-nouvelles-publications"],"jetpack_publicize_connections":[],"jetpack_featured_media_url":"","jetpack_sharing_enabled":true,"jetpack_shortlink":"https:\/\/wp.me\/p34K8b-t3","jetpack_likes_enabled":true,"_links":{"self":[{"href":"https:\/\/stendhal.fr\/index.php?rest_route=\/wp\/v2\/posts\/1801","targetHints":{"allow":["GET"]}}],"collection":[{"href":"https:\/\/stendhal.fr\/index.php?rest_route=\/wp\/v2\/posts"}],"about":[{"href":"https:\/\/stendhal.fr\/index.php?rest_route=\/wp\/v2\/types\/post"}],"author":[{"embeddable":true,"href":"https:\/\/stendhal.fr\/index.php?rest_route=\/wp\/v2\/users\/1"}],"replies":[{"embeddable":true,"href":"https:\/\/stendhal.fr\/index.php?rest_route=%2Fwp%2Fv2%2Fcomments&post=1801"}],"version-history":[{"count":5,"href":"https:\/\/stendhal.fr\/index.php?rest_route=\/wp\/v2\/posts\/1801\/revisions"}],"predecessor-version":[{"id":1808,"href":"https:\/\/stendhal.fr\/index.php?rest_route=\/wp\/v2\/posts\/1801\/revisions\/1808"}],"wp:attachment":[{"href":"https:\/\/stendhal.fr\/index.php?rest_route=%2Fwp%2Fv2%2Fmedia&parent=1801"}],"wp:term":[{"taxonomy":"category","embeddable":true,"href":"https:\/\/stendhal.fr\/index.php?rest_route=%2Fwp%2Fv2%2Fcategories&post=1801"},{"taxonomy":"post_tag","embeddable":true,"href":"https:\/\/stendhal.fr\/index.php?rest_route=%2Fwp%2Fv2%2Ftags&post=1801"}],"curies":[{"name":"wp","href":"https:\/\/api.w.org\/{rel}","templated":true}]}}