{"id":1638,"date":"2022-01-30T12:41:50","date_gmt":"2022-01-30T11:41:50","guid":{"rendered":"https:\/\/stendhal.fr\/?p=1638"},"modified":"2022-01-30T16:04:20","modified_gmt":"2022-01-30T15:04:20","slug":"hb-revue-internationale-detudes-stendhaliennes-n-25-202","status":"publish","type":"post","link":"https:\/\/stendhal.fr\/?p=1638","title":{"rendered":"HB Revue internationale d\u2019\u00e9tudes stendhaliennes n\u00b0 25 \u2013 2021"},"content":{"rendered":"\n<p class=\"has-text-align-center\"><strong>Vient de para\u00eetre:<\/strong><\/p>\n\n\n\n<h2 class=\"has-text-align-center wp-block-heading\">HB<\/h2>\n\n\n\n<h2 class=\"has-text-align-center wp-block-heading\"><strong>Revue internationale d\u2019\u00e9tudes stendhaliennes n\u00b0 25 \u2013 202<\/strong>1<br \/>DOSSIER<br \/>STENDHAL ET LE ROMAN SOCIAL<br \/>COLLOQUE PARIS-SORBONNE<\/h2>\n\n\n\n<p class=\"has-text-align-center\">PARIS IV 20 MARS 2020<\/p>\n\n\n\n<p class=\"has-text-align-center\">ORGANIS\u00c9 PAR STENDHAL AUJOURD\u2019HUI<br \/>Textes r\u00e9unis et pr\u00e9sent\u00e9s par Michel ARROUS<\/p>\n\n\n\n<p class=\"has-text-align-center\"><a href=\"http:\/\/euredit-editions.com\/f\/index.php?sp=coll&amp;collection_id=7\" target=\"_blank\" rel=\"noreferrer noopener\" title=\"EUREDIT\">EUREDIT<\/a><\/p>\n\n\n\n<p class=\"has-text-align-center\">400 pages D\u00e9cembre 2021Prix public France 80 euros ttc<\/p>\n\n\n\n<p class=\"has-text-align-center\"><a href=\"https:\/\/stendhal.fr\/wp-content\/2022\/01\/SOMMAIRE-2.pdf\" target=\"_blank\" rel=\"noreferrer noopener\" title=\"SOMMAIRE\">SOMMAIRE<\/a><\/p>\n","protected":false},"excerpt":{"rendered":"<p>Vient de para\u00eetre: HB Revue internationale d\u2019\u00e9tudes stendhaliennes n\u00b0 25 \u2013 2021DOSSIERSTENDHAL ET LE ROMAN SOCIALCOLLOQUE PARIS-SORBONNE PARIS IV 20 MARS 2020 ORGANIS\u00c9 PAR STENDHAL AUJOURD\u2019HUITextes r\u00e9unis et pr\u00e9sent\u00e9s par Michel ARROUS EUREDIT 400 pages D\u00e9cembre 2021Prix public France 80 &hellip; <a href=\"https:\/\/stendhal.fr\/?p=1638\">Continuer la lecture <span class=\"meta-nav\">&rarr;<\/span><\/a><\/p>\n","protected":false},"author":1,"featured_media":0,"comment_status":"closed","ping_status":"open","sticky":false,"template":"","format":"standard","meta":{"jetpack_post_was_ever_published":false,"_jetpack_newsletter_access":"","_jetpack_dont_email_post_to_subs":false,"_jetpack_newsletter_tier_id":0,"_jetpack_memberships_contains_paywalled_content":false,"_jetpack_memberships_contains_paid_content":false,"footnotes":"","jetpack_publicize_message":"","jetpack_publicize_feature_enabled":true,"jetpack_social_post_already_shared":true,"jetpack_social_options":{"image_generator_settings":{"template":"highway","default_image_id":0,"font":"","enabled":false},"version":2}},"categories":[2],"tags":[],"class_list":["post-1638","post","type-post","status-publish","format-standard","hentry","category-nouvelles-publications"],"jetpack_publicize_connections":[],"jetpack_featured_media_url":"","jetpack_sharing_enabled":true,"jetpack_shortlink":"https:\/\/wp.me\/p34K8b-qq","jetpack_likes_enabled":true,"_links":{"self":[{"href":"https:\/\/stendhal.fr\/index.php?rest_route=\/wp\/v2\/posts\/1638","targetHints":{"allow":["GET"]}}],"collection":[{"href":"https:\/\/stendhal.fr\/index.php?rest_route=\/wp\/v2\/posts"}],"about":[{"href":"https:\/\/stendhal.fr\/index.php?rest_route=\/wp\/v2\/types\/post"}],"author":[{"embeddable":true,"href":"https:\/\/stendhal.fr\/index.php?rest_route=\/wp\/v2\/users\/1"}],"replies":[{"embeddable":true,"href":"https:\/\/stendhal.fr\/index.php?rest_route=%2Fwp%2Fv2%2Fcomments&post=1638"}],"version-history":[{"count":23,"href":"https:\/\/stendhal.fr\/index.php?rest_route=\/wp\/v2\/posts\/1638\/revisions"}],"predecessor-version":[{"id":1665,"href":"https:\/\/stendhal.fr\/index.php?rest_route=\/wp\/v2\/posts\/1638\/revisions\/1665"}],"wp:attachment":[{"href":"https:\/\/stendhal.fr\/index.php?rest_route=%2Fwp%2Fv2%2Fmedia&parent=1638"}],"wp:term":[{"taxonomy":"category","embeddable":true,"href":"https:\/\/stendhal.fr\/index.php?rest_route=%2Fwp%2Fv2%2Fcategories&post=1638"},{"taxonomy":"post_tag","embeddable":true,"href":"https:\/\/stendhal.fr\/index.php?rest_route=%2Fwp%2Fv2%2Ftags&post=1638"}],"curies":[{"name":"wp","href":"https:\/\/api.w.org\/{rel}","templated":true}]}}