{"id":1569,"date":"2021-11-25T11:13:47","date_gmt":"2021-11-25T10:13:47","guid":{"rendered":"http:\/\/www.stendhal.fr\/?p=1569"},"modified":"2021-11-30T12:19:29","modified_gmt":"2021-11-30T11:19:29","slug":"stendhal-et-grenoble-entre-amour-et-haine-a-voir-sur-arte","status":"publish","type":"post","link":"https:\/\/stendhal.fr\/?p=1569","title":{"rendered":"Stendhal et Grenoble entre amour et haine \u00e0 voir sur Arte"},"content":{"rendered":"\n<p class=\"has-text-align-center\"><a href=\"https:\/\/www.arte.tv\/fr\/videos\/106381-001-A\/stendhal-et-grenoble-entre-amour-et-haine\/\" target=\"_blank\" rel=\"noreferrer noopener\">https:\/\/www.arte.tv\/fr\/videos\/106381-001-A\/stendhal-et-grenoble-entre-amour-et-haine\/<\/a><\/p>\n\n\n\n<p>Un film \u00e0 d\u00e9couvrir sur <strong><a href=\"https:\/\/www.arte.tv\/fr\/\" target=\"_blank\" rel=\"noreferrer noopener\">Arte<\/a><\/strong> dans la s\u00e9rie <strong>I<\/strong><a href=\"https:\/\/www.arte.tv\/fr\/videos\/RC-014340\/invitation-au-voyage\/\" target=\"_blank\" rel=\"noreferrer noopener\"><strong>nvitation au voyage<\/strong> <\/a>(03\/11\/2021)<\/p>\n\n\n\n<p class=\"has-text-align-center\">Disponible : Du 03\/11\/2021 au 03\/11\/2023<\/p>\n\n\n\n<div class=\"wp-block-image\"><figure class=\"aligncenter size-medium\"><a href=\"http:\/\/www.stendhal.fr\/wp-content\/2021\/11\/918D9BC2-7309-40FB-A590-5D3A0CE41677_4_5005_c.jpeg\"><img loading=\"lazy\" decoding=\"async\" width=\"300\" height=\"167\" src=\"http:\/\/www.stendhal.fr\/wp-content\/2021\/11\/918D9BC2-7309-40FB-A590-5D3A0CE41677_4_5005_c-300x167.jpeg\" alt=\"\" class=\"wp-image-1571\" srcset=\"https:\/\/stendhal.fr\/wp-content\/2021\/11\/918D9BC2-7309-40FB-A590-5D3A0CE41677_4_5005_c-300x167.jpeg 300w, https:\/\/stendhal.fr\/wp-content\/2021\/11\/918D9BC2-7309-40FB-A590-5D3A0CE41677_4_5005_c-500x278.jpeg 500w, https:\/\/stendhal.fr\/wp-content\/2021\/11\/918D9BC2-7309-40FB-A590-5D3A0CE41677_4_5005_c.jpeg 528w\" sizes=\"auto, (max-width: 300px) 100vw, 300px\" \/><\/a><\/figure><\/div>\n","protected":false},"excerpt":{"rendered":"<p>https:\/\/www.arte.tv\/fr\/videos\/106381-001-A\/stendhal-et-grenoble-entre-amour-et-haine\/ Un film \u00e0 d\u00e9couvrir sur Arte dans la s\u00e9rie Invitation au voyage (03\/11\/2021) Disponible : Du 03\/11\/2021 au 03\/11\/2023<\/p>\n","protected":false},"author":1,"featured_media":0,"comment_status":"closed","ping_status":"closed","sticky":false,"template":"","format":"standard","meta":{"jetpack_post_was_ever_published":false,"_jetpack_newsletter_access":"","_jetpack_dont_email_post_to_subs":false,"_jetpack_newsletter_tier_id":0,"_jetpack_memberships_contains_paywalled_content":false,"_jetpack_memberships_contains_paid_content":false,"footnotes":"","jetpack_publicize_message":"","jetpack_publicize_feature_enabled":true,"jetpack_social_post_already_shared":true,"jetpack_social_options":{"image_generator_settings":{"template":"highway","default_image_id":0,"font":"","enabled":false},"version":2}},"categories":[25,5],"tags":[],"class_list":["post-1569","post","type-post","status-publish","format-standard","hentry","category-spectacle","category-stendhal-sur-internet"],"jetpack_publicize_connections":[],"jetpack_featured_media_url":"","jetpack_sharing_enabled":true,"jetpack_shortlink":"https:\/\/wp.me\/p34K8b-pj","jetpack_likes_enabled":true,"_links":{"self":[{"href":"https:\/\/stendhal.fr\/index.php?rest_route=\/wp\/v2\/posts\/1569","targetHints":{"allow":["GET"]}}],"collection":[{"href":"https:\/\/stendhal.fr\/index.php?rest_route=\/wp\/v2\/posts"}],"about":[{"href":"https:\/\/stendhal.fr\/index.php?rest_route=\/wp\/v2\/types\/post"}],"author":[{"embeddable":true,"href":"https:\/\/stendhal.fr\/index.php?rest_route=\/wp\/v2\/users\/1"}],"replies":[{"embeddable":true,"href":"https:\/\/stendhal.fr\/index.php?rest_route=%2Fwp%2Fv2%2Fcomments&post=1569"}],"version-history":[{"count":5,"href":"https:\/\/stendhal.fr\/index.php?rest_route=\/wp\/v2\/posts\/1569\/revisions"}],"predecessor-version":[{"id":1611,"href":"https:\/\/stendhal.fr\/index.php?rest_route=\/wp\/v2\/posts\/1569\/revisions\/1611"}],"wp:attachment":[{"href":"https:\/\/stendhal.fr\/index.php?rest_route=%2Fwp%2Fv2%2Fmedia&parent=1569"}],"wp:term":[{"taxonomy":"category","embeddable":true,"href":"https:\/\/stendhal.fr\/index.php?rest_route=%2Fwp%2Fv2%2Fcategories&post=1569"},{"taxonomy":"post_tag","embeddable":true,"href":"https:\/\/stendhal.fr\/index.php?rest_route=%2Fwp%2Fv2%2Ftags&post=1569"}],"curies":[{"name":"wp","href":"https:\/\/api.w.org\/{rel}","templated":true}]}}