{"id":1515,"date":"2021-05-26T11:00:14","date_gmt":"2021-05-26T10:00:14","guid":{"rendered":"http:\/\/www.stendhal.fr\/?p=1515"},"modified":"2021-05-26T11:00:14","modified_gmt":"2021-05-26T10:00:14","slug":"le-rouge-et-le-noir-a-ecouter-sur-france-culture","status":"publish","type":"post","link":"https:\/\/stendhal.fr\/?p=1515","title":{"rendered":"Le Rouge et le Noir \u00c0 \u00e9couter sur France Culture"},"content":{"rendered":"<p style=\"text-align: center;\"><strong>\u00c0 \u00e9couter<\/strong><\/p>\n<p style=\"text-align: center;\">\u00a0<em><a href=\"https:\/\/www.franceculture.fr\/emissions\/fictions-le-feuilleton\/le-rouge-et-le-noir-115\" target=\"_blank\" rel=\"noopener\">Le Rouge et le Noir<\/a><\/em><\/p>\n<p style=\"text-align: center;\">dans\u00a0<em>Feuilleton<\/em><\/p>\n<p style=\"text-align: center;\">de lundi\u00a0\u00e0 vendredi \u00e0 partir du 24 mai, \u00e0 20h30<\/p>\n<p style=\"text-align: center;\">ou en Podcast<\/p>\n<p style=\"text-align: center;\">sur\u00a0France Culture<\/p>\n<p style=\"text-align: center;\"><a href=\"https:\/\/www.franceculture.fr\/emissions\/fictions-le-feuilleton\/le-rouge-et-le-noir-115\" target=\"_blank\" rel=\"noopener\">https:\/\/www.franceculture.fr\/emissions\/fictions-le-feuilleton\/le-rouge-et-le-noir-115<\/a><\/p>\n<p style=\"text-align: center;\">R\u00e9alisation?: Michel Sidoroff. 15 \u00d7 25 mn.<\/p>\n","protected":false},"excerpt":{"rendered":"<p>\u00c0 \u00e9couter \u00a0Le Rouge et le Noir dans\u00a0Feuilleton de lundi\u00a0\u00e0 vendredi \u00e0 partir du 24 mai, \u00e0 20h30 ou en Podcast sur\u00a0France Culture https:\/\/www.franceculture.fr\/emissions\/fictions-le-feuilleton\/le-rouge-et-le-noir-115 R\u00e9alisation?: Michel Sidoroff. 15 \u00d7 25 mn.<\/p>\n","protected":false},"author":1,"featured_media":0,"comment_status":"closed","ping_status":"closed","sticky":false,"template":"","format":"standard","meta":{"jetpack_post_was_ever_published":false,"_jetpack_newsletter_access":"","_jetpack_dont_email_post_to_subs":false,"_jetpack_newsletter_tier_id":0,"_jetpack_memberships_contains_paywalled_content":false,"_jetpack_memberships_contains_paid_content":false,"footnotes":"","jetpack_publicize_message":"","jetpack_publicize_feature_enabled":true,"jetpack_social_post_already_shared":true,"jetpack_social_options":{"image_generator_settings":{"template":"highway","default_image_id":0,"font":"","enabled":false},"version":2}},"categories":[5],"tags":[],"class_list":["post-1515","post","type-post","status-publish","format-standard","hentry","category-stendhal-sur-internet"],"jetpack_publicize_connections":[],"jetpack_featured_media_url":"","jetpack_sharing_enabled":true,"jetpack_shortlink":"https:\/\/wp.me\/p34K8b-or","jetpack_likes_enabled":true,"_links":{"self":[{"href":"https:\/\/stendhal.fr\/index.php?rest_route=\/wp\/v2\/posts\/1515","targetHints":{"allow":["GET"]}}],"collection":[{"href":"https:\/\/stendhal.fr\/index.php?rest_route=\/wp\/v2\/posts"}],"about":[{"href":"https:\/\/stendhal.fr\/index.php?rest_route=\/wp\/v2\/types\/post"}],"author":[{"embeddable":true,"href":"https:\/\/stendhal.fr\/index.php?rest_route=\/wp\/v2\/users\/1"}],"replies":[{"embeddable":true,"href":"https:\/\/stendhal.fr\/index.php?rest_route=%2Fwp%2Fv2%2Fcomments&post=1515"}],"version-history":[{"count":1,"href":"https:\/\/stendhal.fr\/index.php?rest_route=\/wp\/v2\/posts\/1515\/revisions"}],"predecessor-version":[{"id":1516,"href":"https:\/\/stendhal.fr\/index.php?rest_route=\/wp\/v2\/posts\/1515\/revisions\/1516"}],"wp:attachment":[{"href":"https:\/\/stendhal.fr\/index.php?rest_route=%2Fwp%2Fv2%2Fmedia&parent=1515"}],"wp:term":[{"taxonomy":"category","embeddable":true,"href":"https:\/\/stendhal.fr\/index.php?rest_route=%2Fwp%2Fv2%2Fcategories&post=1515"},{"taxonomy":"post_tag","embeddable":true,"href":"https:\/\/stendhal.fr\/index.php?rest_route=%2Fwp%2Fv2%2Ftags&post=1515"}],"curies":[{"name":"wp","href":"https:\/\/api.w.org\/{rel}","templated":true}]}}