{"id":1490,"date":"2020-12-02T15:19:45","date_gmt":"2020-12-02T14:19:45","guid":{"rendered":"http:\/\/www.stendhal.fr\/?p=1490"},"modified":"2020-12-02T15:19:45","modified_gmt":"2020-12-02T14:19:45","slug":"stendhal-en-italie","status":"publish","type":"post","link":"https:\/\/stendhal.fr\/?p=1490","title":{"rendered":"Stendhal en Italie"},"content":{"rendered":"<p style=\"text-align: center;\">Quelques publications stendhaliennes en Italie:<\/p>\n<p style=\"text-align: left;\">&#8211; un article, ou plut\u00f4t un long essai tr\u00e8s document\u00e9, sur Stendhal et Giraldi, de Davide Columbo, \u00ab\u00a0\u00bbVedila l\u00e0 con un coltello in mano\u00a0\u00bb. Giraldi Cinthio e Stendhal\u00bb, \/Studi giraldiani. Letteratura e teatro\/, VI, 2020, pp. 195-247 d\u00e9chargeable en ligne: <a href=\"https:\/\/cab.unime.it\/journals\/index.php\/GIRALDI\/article\/view\/2754\">https:\/\/cab.unime.it\/journals\/index.php\/GIRALDI\/article\/view\/2754<\/a><\/p>\n<p>&#8211; un article de Serena Perego, \u00ab\u00a0Mise en texte de l\u2019histoire et de l\u2019intertextualit\u00e9 litt\u00e9raire\/\/: quelques exemples aux croisements des plans \u00e9nonciatifs dans \/Le Rouge et le Noir\/\u00a0\u00bb, \/Revue italienne d\u2019\u00e9tudes fran\u00e7aises\/ [En ligne], 10\u00a0| 2020, mis en ligne le 10 novembre 2020. URL : <a href=\"http:\/\/journals.openedition.org\/rief\/6147\">http:\/\/journals.openedition.org\/rief\/6147<\/a> ; DOI : <a href=\"https:\/\/doi.org\/10.4000\/rief.6147\">https:\/\/doi.org\/10.4000\/rief.6147<\/a><\/p>\n<p>&#8211; un livre sur la contessa Sanseverino de l&rsquo;historienne Gigliola Fragnito, \/La Sanseverino. Giochi erotici e congiure nell&rsquo;Italia della Controriforma\/, Bologne, Il Mulino, coll. \u00ab\u00a0Biblioteca storica\u00a0\u00bb, 2020, p. 206.<\/p>\n<p style=\"text-align: right;\">H\u00e9l\u00e8ne de Jacquelot<\/p>\n","protected":false},"excerpt":{"rendered":"<p>Quelques publications stendhaliennes en Italie: &#8211; un article, ou plut\u00f4t un long essai tr\u00e8s document\u00e9, sur Stendhal et Giraldi, de Davide Columbo, \u00ab\u00a0\u00bbVedila l\u00e0 con un coltello in mano\u00a0\u00bb. Giraldi Cinthio e Stendhal\u00bb, \/Studi giraldiani. Letteratura e teatro\/, VI, 2020, &hellip; <a href=\"https:\/\/stendhal.fr\/?p=1490\">Continuer la lecture <span class=\"meta-nav\">&rarr;<\/span><\/a><\/p>\n","protected":false},"author":1,"featured_media":0,"comment_status":"closed","ping_status":"closed","sticky":false,"template":"","format":"standard","meta":{"jetpack_post_was_ever_published":false,"_jetpack_newsletter_access":"","_jetpack_dont_email_post_to_subs":false,"_jetpack_newsletter_tier_id":0,"_jetpack_memberships_contains_paywalled_content":false,"_jetpack_memberships_contains_paid_content":false,"footnotes":"","jetpack_publicize_message":"","jetpack_publicize_feature_enabled":true,"jetpack_social_post_already_shared":true,"jetpack_social_options":{"image_generator_settings":{"template":"highway","default_image_id":0,"font":"","enabled":false},"version":2}},"categories":[1],"tags":[],"class_list":["post-1490","post","type-post","status-publish","format-standard","hentry","category-uncategorized"],"jetpack_publicize_connections":[],"jetpack_featured_media_url":"","jetpack_sharing_enabled":true,"jetpack_shortlink":"https:\/\/wp.me\/p34K8b-o2","jetpack_likes_enabled":true,"_links":{"self":[{"href":"https:\/\/stendhal.fr\/index.php?rest_route=\/wp\/v2\/posts\/1490","targetHints":{"allow":["GET"]}}],"collection":[{"href":"https:\/\/stendhal.fr\/index.php?rest_route=\/wp\/v2\/posts"}],"about":[{"href":"https:\/\/stendhal.fr\/index.php?rest_route=\/wp\/v2\/types\/post"}],"author":[{"embeddable":true,"href":"https:\/\/stendhal.fr\/index.php?rest_route=\/wp\/v2\/users\/1"}],"replies":[{"embeddable":true,"href":"https:\/\/stendhal.fr\/index.php?rest_route=%2Fwp%2Fv2%2Fcomments&post=1490"}],"version-history":[{"count":2,"href":"https:\/\/stendhal.fr\/index.php?rest_route=\/wp\/v2\/posts\/1490\/revisions"}],"predecessor-version":[{"id":1492,"href":"https:\/\/stendhal.fr\/index.php?rest_route=\/wp\/v2\/posts\/1490\/revisions\/1492"}],"wp:attachment":[{"href":"https:\/\/stendhal.fr\/index.php?rest_route=%2Fwp%2Fv2%2Fmedia&parent=1490"}],"wp:term":[{"taxonomy":"category","embeddable":true,"href":"https:\/\/stendhal.fr\/index.php?rest_route=%2Fwp%2Fv2%2Fcategories&post=1490"},{"taxonomy":"post_tag","embeddable":true,"href":"https:\/\/stendhal.fr\/index.php?rest_route=%2Fwp%2Fv2%2Ftags&post=1490"}],"curies":[{"name":"wp","href":"https:\/\/api.w.org\/{rel}","templated":true}]}}