{"id":1480,"date":"2020-09-25T10:05:00","date_gmt":"2020-09-25T09:05:00","guid":{"rendered":"http:\/\/www.stendhal.fr\/?p=1480"},"modified":"2021-10-03T14:44:46","modified_gmt":"2021-10-03T13:44:46","slug":"stendhal-biographe-antoine-guibal","status":"publish","type":"post","link":"https:\/\/stendhal.fr\/?p=1480","title":{"rendered":"Stendhal biographe Antoine Guibal"},"content":{"rendered":"<p style=\"text-align: center;\"><em><strong>Stendhal biographe<\/strong><\/em><br \/>\n<strong>Antoine Guibal<\/strong><\/p>\n<div id=\"attachment_1481\" style=\"width: 205px\" class=\"wp-caption aligncenter\"><a href=\"http:\/\/www.stendhal.fr\/wp-content\/2020\/09\/couv-stendhal-biographe-min_1595515273666-jpg.jpg\"><img loading=\"lazy\" decoding=\"async\" aria-describedby=\"caption-attachment-1481\" class=\"wp-image-1481 size-medium\" src=\"http:\/\/www.stendhal.fr\/wp-content\/2020\/09\/couv-stendhal-biographe-min_1595515273666-jpg-195x300.jpg\" alt=\"Stendhal Biographe\" width=\"195\" height=\"300\" srcset=\"https:\/\/stendhal.fr\/wp-content\/2020\/09\/couv-stendhal-biographe-min_1595515273666-jpg-195x300.jpg 195w, https:\/\/stendhal.fr\/wp-content\/2020\/09\/couv-stendhal-biographe-min_1595515273666-jpg-768x1180.jpg 768w, https:\/\/stendhal.fr\/wp-content\/2020\/09\/couv-stendhal-biographe-min_1595515273666-jpg-667x1024.jpg 667w, https:\/\/stendhal.fr\/wp-content\/2020\/09\/couv-stendhal-biographe-min_1595515273666-jpg.jpg 1653w\" sizes=\"auto, (max-width: 195px) 100vw, 195px\" \/><\/a><p id=\"caption-attachment-1481\" class=\"wp-caption-text\">Stendhal Biographe UGA<\/p><\/div>\n<p style=\"text-align: center;\">UGA \u00c9ditions<\/p>\n<p style=\"text-align: center;\"><a href=\"https:\/\/www.uga-editions.com\/menu-principal\/collections-et-revues\/toutes-nos-collections\/bibliotheque-stendhalienne-et-romantique\/stendhal-biographe-712976.kjsp?RH=1500903810053\" target=\"_blank\" rel=\"noopener\">https:\/\/www.uga-editions.com\/menu-principal\/collections-et-revues\/toutes-nos-collections\/bibliotheque-stendhalienne-et-romantique\/stendhal-biographe-712976.kjsp?RH=1500903810053<\/a><\/p>\n<p style=\"text-align: center;\">Collection Biblioth\u00e8que stendhalienne et romantique<\/p>\n<p style=\"text-align: center;\">Septembre 2020<\/p>\n<p style=\"text-align: center;\">190 p. Prix :\u00a022 \u20ac disponible<br \/>\nISBN :\u00a0978-2-37747-191-1<\/p>\n<p>Stendhal est entr\u00e9 en litt\u00e9rature par la biographie. M\u00e9connus mais indissociables du reste de son \u0153uvre, ses travaux biographiques font surgir avec force la question de la conception romantique des grands hommes et artistes dont on retrace la \u00ab vie \u00bb.<\/p>\n<p>La contribution stendhalienne au genre biographique se produit \u00e0 un moment charni\u00e8re du XIXe si\u00e8cle, marqu\u00e9 non seulement par le romantisme naissant, mais \u00e9galement par la formation des sciences historiques et l\u2019\u00e9mergence du m\u00e9tier d\u2019historien. C\u2019est aussi \u00e0 cette \u00e9poque que le genre doublement mill\u00e9naire de la \u00ab vie \u00bb, qui chantait les louanges de personnalit\u00e9s dont la gloire \u00e9tait consacr\u00e9e par l\u2019histoire et le temps, laisse progressivement place \u00e0 la biographie, genre ancr\u00e9 dans l\u2019actualit\u00e9 \u2013 parfois la plus imm\u00e9diate \u2013 et qui jouit alors d\u2019un grand engouement. D\u2019o\u00f9 cette tension caract\u00e9ristique des \u00ab vies \u00bb de Stendhal, \u00e9crites \u00e0 divers moments de sa carri\u00e8re litt\u00e9raire, et ce choix \u00e9clectique d\u2019hommes illustres : Haydn, qui lui permet d\u2019affiner sa th\u00e9orie du Beau dans les arts ; Napol\u00e9on, dont la \u00ab vie \u00bb devient une r\u00e9ponse \u00e0 un libelle anti-bonapartiste ; Rossini, dont le style vivace et le rejet des r\u00e8gles classiques sert la cause romantique de 1823 ; et Stendhal lui-m\u00eame, alias Henry Brulard, cet individu \u00ab bien inconnu \u00bb qui souhaiterait se conna\u00eetre.<\/p>\n<p>De par leurs sp\u00e9cificit\u00e9s et leur originalit\u00e9, ces \u0153uvres mettent en lumi\u00e8re la plasticit\u00e9 d\u2019un genre qui, en cette p\u00e9riode mouvement\u00e9e, s\u2019av\u00e8re propice \u00e0 l\u2019exp\u00e9rimentation et \u00e0 l\u2019innovation, tant dans le style que dans l\u2019usage qui en est fait.<\/p>\n<p>Antoine Guibal est professeur assistant de fran\u00e7ais langue \u00e9trang\u00e8re \u00e0 l\u2019\u00c9cole polytechnique. Il a obtenu son doctorat (PhD) \u00e0 l\u2019universit\u00e9 de Virginie, \u00e0 Charlottesville, en 2017.<\/p>\n","protected":false},"excerpt":{"rendered":"<p>Stendhal biographe Antoine Guibal UGA \u00c9ditions https:\/\/www.uga-editions.com\/menu-principal\/collections-et-revues\/toutes-nos-collections\/bibliotheque-stendhalienne-et-romantique\/stendhal-biographe-712976.kjsp?RH=1500903810053 Collection Biblioth\u00e8que stendhalienne et romantique Septembre 2020 190 p. Prix :\u00a022 \u20ac disponible ISBN :\u00a0978-2-37747-191-1 Stendhal est entr\u00e9 en litt\u00e9rature par la biographie. M\u00e9connus mais indissociables du reste de son \u0153uvre, ses travaux &hellip; <a href=\"https:\/\/stendhal.fr\/?p=1480\">Continuer la lecture <span class=\"meta-nav\">&rarr;<\/span><\/a><\/p>\n","protected":false},"author":1,"featured_media":0,"comment_status":"closed","ping_status":"closed","sticky":false,"template":"","format":"standard","meta":{"jetpack_post_was_ever_published":false,"_jetpack_newsletter_access":"","_jetpack_dont_email_post_to_subs":false,"_jetpack_newsletter_tier_id":0,"_jetpack_memberships_contains_paywalled_content":false,"_jetpack_memberships_contains_paid_content":false,"footnotes":"","jetpack_publicize_message":"","jetpack_publicize_feature_enabled":true,"jetpack_social_post_already_shared":true,"jetpack_social_options":{"image_generator_settings":{"template":"highway","default_image_id":0,"font":"","enabled":false},"version":2}},"categories":[2],"tags":[],"class_list":["post-1480","post","type-post","status-publish","format-standard","hentry","category-nouvelles-publications"],"jetpack_publicize_connections":[],"jetpack_featured_media_url":"","jetpack_sharing_enabled":true,"jetpack_shortlink":"https:\/\/wp.me\/p34K8b-nS","jetpack_likes_enabled":true,"_links":{"self":[{"href":"https:\/\/stendhal.fr\/index.php?rest_route=\/wp\/v2\/posts\/1480","targetHints":{"allow":["GET"]}}],"collection":[{"href":"https:\/\/stendhal.fr\/index.php?rest_route=\/wp\/v2\/posts"}],"about":[{"href":"https:\/\/stendhal.fr\/index.php?rest_route=\/wp\/v2\/types\/post"}],"author":[{"embeddable":true,"href":"https:\/\/stendhal.fr\/index.php?rest_route=\/wp\/v2\/users\/1"}],"replies":[{"embeddable":true,"href":"https:\/\/stendhal.fr\/index.php?rest_route=%2Fwp%2Fv2%2Fcomments&post=1480"}],"version-history":[{"count":4,"href":"https:\/\/stendhal.fr\/index.php?rest_route=\/wp\/v2\/posts\/1480\/revisions"}],"predecessor-version":[{"id":1527,"href":"https:\/\/stendhal.fr\/index.php?rest_route=\/wp\/v2\/posts\/1480\/revisions\/1527"}],"wp:attachment":[{"href":"https:\/\/stendhal.fr\/index.php?rest_route=%2Fwp%2Fv2%2Fmedia&parent=1480"}],"wp:term":[{"taxonomy":"category","embeddable":true,"href":"https:\/\/stendhal.fr\/index.php?rest_route=%2Fwp%2Fv2%2Fcategories&post=1480"},{"taxonomy":"post_tag","embeddable":true,"href":"https:\/\/stendhal.fr\/index.php?rest_route=%2Fwp%2Fv2%2Ftags&post=1480"}],"curies":[{"name":"wp","href":"https:\/\/api.w.org\/{rel}","templated":true}]}}