{"id":1469,"date":"2020-06-25T10:25:05","date_gmt":"2020-06-25T09:25:05","guid":{"rendered":"http:\/\/www.stendhal.fr\/?p=1469"},"modified":"2020-06-25T10:25:05","modified_gmt":"2020-06-25T09:25:05","slug":"labbesse-de-castro-le-scandale-qui-inspira-stendhal-lisa-roscioni","status":"publish","type":"post","link":"https:\/\/stendhal.fr\/?p=1469","title":{"rendered":"L\u2019Abbesse de Castro Le scandale qui inspira Stendhal Lisa ROSCIONI"},"content":{"rendered":"<p style=\"text-align: center;\"><strong><em>L\u2019Abbesse de Castro<\/em><\/strong><br \/>\n<strong><em>Le scandale qui inspira Stendhal<\/em><\/strong><br \/>\nTraduit de l\u2019italien par Vincent Jolivet<br \/>\nLisa ROSCIONI<\/p>\n<p style=\"text-align: center;\">Tallandier<br \/>\n<a href=\"https:\/\/www.tallandier.com\/livre\/labbesse-de-castro\/\" target=\"_blank\" rel=\"noopener\">https:\/\/www.tallandier.com\/livre\/labbesse-de-castro\/<\/a><\/p>\n<p>\u00c0 la fin du XVIe si\u00e8cle, Elena, abbesse d\u2019un couvent cistercien de la cit\u00e9 de Castro, pr\u00e8s de Rome, entretient une relation clandestine avec son \u00e9v\u00eaque. De cette liaison secr\u00e8te na\u00eet un enfant. D\u00e8s que la nouvelle se r\u00e9pand, les deux amants sont arr\u00eat\u00e9s et un proc\u00e8s a lieu. Trois cents ans plus tard, en 1839, cette scandaleuse affaire s\u00e9duit Stendhal qui s\u2019en inspire pour l\u2019une de ses nouvelles les plus c\u00e9l\u00e8bres, <em>L\u2019Abbesse de Castro<\/em>.<br \/>\nFond\u00e9 sur les actes originaux du proc\u00e8s, retrouv\u00e9s apr\u00e8s plusieurs si\u00e8cles, cet ouvrage r\u00e9v\u00e8le pour la premi\u00e8re fois la v\u00e9ritable histoire de l\u2019abbesse. En retra\u00e7ant pas \u00e0 pas son tragique destin \u2013 celui d\u2019une femme forc\u00e9e \u00e0 se clo\u00eetrer pour avoir succomb\u00e9 \u00e0 un amour interdit \u2013, Lisa Roscioni raconte aussi la naissance d\u2019un mythe litt\u00e9raire.<\/p>\n<p>\u00ab Je vais parler de cette fameuse abbesse du couvent de la Visitation \u00e0 Castro, H\u00e9l\u00e8ne de Campireali, dont le proc\u00e8s et la mort donn\u00e8rent tant \u00e0 parler \u00e0 la haute soci\u00e9t\u00e9 de Rome et de l\u2019Italie. \u00bb<\/p>\n<p>STENDHAL, L\u2019ABBESSE DE CASTRO<\/p>\n<p>Collection R\u00e9volution &#8211; XIX\u00e8me<\/p>\n<p>Date de parution : 18 juin 2020<\/p>\n<p>20.9 \u20ac<\/p>\n<p>288 pages<\/p>\n<p>Format : 14 x 20,5 cm<\/p>\n<p>EAN papier : 9791021041486<\/p>\n<p>EAN num\u00e9rique : 9791021041509<\/p>\n","protected":false},"excerpt":{"rendered":"<p>L\u2019Abbesse de Castro Le scandale qui inspira Stendhal Traduit de l\u2019italien par Vincent Jolivet Lisa ROSCIONI Tallandier https:\/\/www.tallandier.com\/livre\/labbesse-de-castro\/ \u00c0 la fin du XVIe si\u00e8cle, Elena, abbesse d\u2019un couvent cistercien de la cit\u00e9 de Castro, pr\u00e8s de Rome, entretient une relation &hellip; <a href=\"https:\/\/stendhal.fr\/?p=1469\">Continuer la lecture <span class=\"meta-nav\">&rarr;<\/span><\/a><\/p>\n","protected":false},"author":1,"featured_media":0,"comment_status":"closed","ping_status":"closed","sticky":false,"template":"","format":"standard","meta":{"jetpack_post_was_ever_published":false,"_jetpack_newsletter_access":"","_jetpack_dont_email_post_to_subs":false,"_jetpack_newsletter_tier_id":0,"_jetpack_memberships_contains_paywalled_content":false,"_jetpack_memberships_contains_paid_content":false,"footnotes":"","jetpack_publicize_message":"","jetpack_publicize_feature_enabled":true,"jetpack_social_post_already_shared":true,"jetpack_social_options":{"image_generator_settings":{"template":"highway","default_image_id":0,"font":"","enabled":false},"version":2}},"categories":[2],"tags":[],"class_list":["post-1469","post","type-post","status-publish","format-standard","hentry","category-nouvelles-publications"],"jetpack_publicize_connections":[],"jetpack_featured_media_url":"","jetpack_sharing_enabled":true,"jetpack_shortlink":"https:\/\/wp.me\/p34K8b-nH","jetpack_likes_enabled":true,"_links":{"self":[{"href":"https:\/\/stendhal.fr\/index.php?rest_route=\/wp\/v2\/posts\/1469","targetHints":{"allow":["GET"]}}],"collection":[{"href":"https:\/\/stendhal.fr\/index.php?rest_route=\/wp\/v2\/posts"}],"about":[{"href":"https:\/\/stendhal.fr\/index.php?rest_route=\/wp\/v2\/types\/post"}],"author":[{"embeddable":true,"href":"https:\/\/stendhal.fr\/index.php?rest_route=\/wp\/v2\/users\/1"}],"replies":[{"embeddable":true,"href":"https:\/\/stendhal.fr\/index.php?rest_route=%2Fwp%2Fv2%2Fcomments&post=1469"}],"version-history":[{"count":2,"href":"https:\/\/stendhal.fr\/index.php?rest_route=\/wp\/v2\/posts\/1469\/revisions"}],"predecessor-version":[{"id":1472,"href":"https:\/\/stendhal.fr\/index.php?rest_route=\/wp\/v2\/posts\/1469\/revisions\/1472"}],"wp:attachment":[{"href":"https:\/\/stendhal.fr\/index.php?rest_route=%2Fwp%2Fv2%2Fmedia&parent=1469"}],"wp:term":[{"taxonomy":"category","embeddable":true,"href":"https:\/\/stendhal.fr\/index.php?rest_route=%2Fwp%2Fv2%2Fcategories&post=1469"},{"taxonomy":"post_tag","embeddable":true,"href":"https:\/\/stendhal.fr\/index.php?rest_route=%2Fwp%2Fv2%2Ftags&post=1469"}],"curies":[{"name":"wp","href":"https:\/\/api.w.org\/{rel}","templated":true}]}}