{"id":1453,"date":"2020-05-04T13:32:34","date_gmt":"2020-05-04T12:32:34","guid":{"rendered":"http:\/\/www.stendhal.fr\/?p=1453"},"modified":"2020-05-04T13:39:20","modified_gmt":"2020-05-04T12:39:20","slug":"seminaire-stendhal-montesquieu","status":"publish","type":"post","link":"https:\/\/stendhal.fr\/?p=1453","title":{"rendered":"S\u00e9minaire Stendhal \/ Montesquieu"},"content":{"rendered":"<div class=\"panel-body\">\n<p><span class=\"familyName\">Collectif<\/span>, \u00ab?<span lang=\"fr\" xml:lang=\"fr\">Vid\u00e9os des communications<\/span>?\u00bb dans <i>S\u00e9minaire Stendhal \/ Montesquieu<\/i>, Journ\u00e9e d\u2019agr\u00e9gation organis\u00e9e \u00e0 l\u2019Universit\u00e9 de Rouen le 27\u00a0novembre\u00a02013<\/p>\n<p><em>\u00a9 Publications num\u00e9riques du C\u00c9R\u00c9dI<\/em>, \u00ab?S\u00e9minaires de recherche?\u00bb, n\u00b0?4,\u00a02014<\/p>\n<p>URL : <a href=\"http:\/\/publis-shs.univ-rouen.fr\/ceredi\/index.php?id=372\" target=\"_blank\" rel=\"noopener\">http:\/\/publis-shs.univ-rouen.fr\/ceredi\/index.php?id=372<\/a><\/p>\n<p>Trois communications \u00e0 propos de Stendhal<\/p>\n<div class=\"toc_section2\"><a href=\"http:\/\/publis-shs.univ-rouen.fr\/ceredi\/index.php?id=372#tocto2n1\" target=\"_blank\" rel=\"noopener\" name=\"tocfrom2n1\">Brigitte Diaz<\/a><\/div>\n<\/div>\n<div><\/div>\n<div><em>\u00ab\u00a0Les lettres dans Le Rouge et le Noir\u00a0\u00bb<\/em><\/div>\n<div class=\"panel-body\">\n<div><\/div>\n<div class=\"toc_section2\"><a href=\"http:\/\/publis-shs.univ-rouen.fr\/ceredi\/index.php?id=372#tocto2n2\" target=\"_blank\" rel=\"noopener\" name=\"tocfrom2n2\">Muriel Bassou <\/a><\/div>\n<\/div>\n<div><\/div>\n<div>\u00ab\u00a0L\u2019amiti\u00e9 dans <em>Le Rouge et le Noir<\/em>\u00a0\u00bb<\/div>\n<div><\/div>\n<div class=\"panel-body\">\n<div class=\"toc_section2\"><a href=\"http:\/\/publis-shs.univ-rouen.fr\/ceredi\/index.php?id=372#tocto2n3\" target=\"_blank\" rel=\"noopener\" name=\"tocfrom2n3\">Philippe Dufour <\/a><\/div>\n<\/div>\n<div><\/div>\n<div>\u00ab\u00a0Le paysage dans <em>Le Rouge et le Noir<\/em>\u00a0\u00bb<\/div>\n","protected":false},"excerpt":{"rendered":"<p>Collectif, \u00ab?Vid\u00e9os des communications?\u00bb dans S\u00e9minaire Stendhal \/ Montesquieu, Journ\u00e9e d\u2019agr\u00e9gation organis\u00e9e \u00e0 l\u2019Universit\u00e9 de Rouen le 27\u00a0novembre\u00a02013 \u00a9 Publications num\u00e9riques du C\u00c9R\u00c9dI, \u00ab?S\u00e9minaires de recherche?\u00bb, n\u00b0?4,\u00a02014 URL : http:\/\/publis-shs.univ-rouen.fr\/ceredi\/index.php?id=372 Trois communications \u00e0 propos de Stendhal Brigitte Diaz \u00ab\u00a0Les lettres &hellip; <a href=\"https:\/\/stendhal.fr\/?p=1453\">Continuer la lecture <span class=\"meta-nav\">&rarr;<\/span><\/a><\/p>\n","protected":false},"author":1,"featured_media":0,"comment_status":"closed","ping_status":"closed","sticky":false,"template":"","format":"standard","meta":{"jetpack_post_was_ever_published":false,"_jetpack_newsletter_access":"","_jetpack_dont_email_post_to_subs":false,"_jetpack_newsletter_tier_id":0,"_jetpack_memberships_contains_paywalled_content":false,"_jetpack_memberships_contains_paid_content":false,"footnotes":"","jetpack_publicize_message":"","jetpack_publicize_feature_enabled":true,"jetpack_social_post_already_shared":true,"jetpack_social_options":{"image_generator_settings":{"template":"highway","default_image_id":0,"font":"","enabled":false},"version":2}},"categories":[3,5],"tags":[],"class_list":["post-1453","post","type-post","status-publish","format-standard","hentry","category-seminaires","category-stendhal-sur-internet"],"jetpack_publicize_connections":[],"jetpack_featured_media_url":"","jetpack_sharing_enabled":true,"jetpack_shortlink":"https:\/\/wp.me\/p34K8b-nr","jetpack_likes_enabled":true,"_links":{"self":[{"href":"https:\/\/stendhal.fr\/index.php?rest_route=\/wp\/v2\/posts\/1453","targetHints":{"allow":["GET"]}}],"collection":[{"href":"https:\/\/stendhal.fr\/index.php?rest_route=\/wp\/v2\/posts"}],"about":[{"href":"https:\/\/stendhal.fr\/index.php?rest_route=\/wp\/v2\/types\/post"}],"author":[{"embeddable":true,"href":"https:\/\/stendhal.fr\/index.php?rest_route=\/wp\/v2\/users\/1"}],"replies":[{"embeddable":true,"href":"https:\/\/stendhal.fr\/index.php?rest_route=%2Fwp%2Fv2%2Fcomments&post=1453"}],"version-history":[{"count":6,"href":"https:\/\/stendhal.fr\/index.php?rest_route=\/wp\/v2\/posts\/1453\/revisions"}],"predecessor-version":[{"id":1459,"href":"https:\/\/stendhal.fr\/index.php?rest_route=\/wp\/v2\/posts\/1453\/revisions\/1459"}],"wp:attachment":[{"href":"https:\/\/stendhal.fr\/index.php?rest_route=%2Fwp%2Fv2%2Fmedia&parent=1453"}],"wp:term":[{"taxonomy":"category","embeddable":true,"href":"https:\/\/stendhal.fr\/index.php?rest_route=%2Fwp%2Fv2%2Fcategories&post=1453"},{"taxonomy":"post_tag","embeddable":true,"href":"https:\/\/stendhal.fr\/index.php?rest_route=%2Fwp%2Fv2%2Ftags&post=1453"}],"curies":[{"name":"wp","href":"https:\/\/api.w.org\/{rel}","templated":true}]}}