{"id":1440,"date":"2020-03-27T16:43:01","date_gmt":"2020-03-27T15:43:01","guid":{"rendered":"http:\/\/www.stendhal.fr\/?p=1440"},"modified":"2020-03-27T16:51:44","modified_gmt":"2020-03-27T15:51:44","slug":"ouverture-de-lacces-integral-aux-ouvrages-de-la-collection-bibliotheque-stendhalienne-et-romantique-duga-editions","status":"publish","type":"post","link":"https:\/\/stendhal.fr\/?p=1440","title":{"rendered":"Ouverture de l&rsquo;acc\u00e8s int\u00e9gral aux ouvrages de la collection  \u00ab\u00a0Biblioth\u00e8que stendhalienne et romantique\u00a0\u00bb  d&rsquo;UGA \u00c9ditions"},"content":{"rendered":"<p style=\"text-align: center;\">Ouverture de l&rsquo;acc\u00e8s int\u00e9gral aux ouvrages de la collection<\/p>\n<p style=\"text-align: center;\">\u00ab\u00a0Biblioth\u00e8que stendhalienne et romantique\u00a0\u00bb<\/p>\n<p style=\"text-align: center;\">d&rsquo;UGA \u00c9ditions<\/p>\n<p style=\"text-align: center;\"><a href=\"https:\/\/books.openedition.org\/ugaeditions\/2204\" target=\"_blank\" rel=\"noopener\">https:\/\/books.openedition.org\/ugaeditions\/2204<\/a><\/p>\n<p>Dans le contexte in\u00e9dit de confinement actuel, UGA \u00c9ditions, en partenariat avec Open Edition, plateforme d&rsquo;\u00e9dition \u00e9lectronique en SHS, ouvre l&rsquo;acc\u00e8s aux 118 ouvrages de son catalogue en ligne, notamment ceux de la collection \u00ab\u00a0Biblioth\u00e8que stendhalienne et romantique\u00a0\u00bb.Les formats HTML mais aussi PDF et ePub sont en effet accessibles gratuitement sur OpenEdition Books, le temps du confinement.\u00a0<a href=\"https:\/\/books.openedition.org\/ugaeditions\/2204\">Consulter ici les ouvrages.<\/a><br \/>\nCette mesure concerne aussi les tout derniers ouvrages parus :<\/p>\n<p><a href=\"https:\/\/www.uga-editions.com\/menu-principal\/collections-et-revues\/toutes-nos-collections\/bibliotheque-stendhalienne-et-romantique\/ecriture-performance-et-theatralite-dans-l-uvre-de-george-sand-248573.kjsp?RH=12869425720203267\">\u00c9criture, performance et th\u00e9\u00e2tralit\u00e9 dans l&rsquo;oeuvre de George Sand<\/a> (2019, r\u00e9\u00e9dition, sous la direction de Catherine Nesci et\u00a0 Olivier Bara), et<br \/>\n<a href=\"https:\/\/www.uga-editions.com\/menu-principal\/collections-et-revues\/toutes-nos-collections\/bibliotheque-stendhalienne-et-romantique\/stendhal-et-la-musique-505545.kjsp?RH=1500903810053\"><em><span style=\"color: blue;\">Stendhal et la musique<\/span><\/em><\/a>\u00a0(2019, Francis Claudon), s\u00e9lectionn\u00e9 pour le prix France Musique des Muses 2020.<\/p>\n","protected":false},"excerpt":{"rendered":"<p>Ouverture de l&rsquo;acc\u00e8s int\u00e9gral aux ouvrages de la collection \u00ab\u00a0Biblioth\u00e8que stendhalienne et romantique\u00a0\u00bb d&rsquo;UGA \u00c9ditions https:\/\/books.openedition.org\/ugaeditions\/2204 Dans le contexte in\u00e9dit de confinement actuel, UGA \u00c9ditions, en partenariat avec Open Edition, plateforme d&rsquo;\u00e9dition \u00e9lectronique en SHS, ouvre l&rsquo;acc\u00e8s aux 118 ouvrages &hellip; <a href=\"https:\/\/stendhal.fr\/?p=1440\">Continuer la lecture <span class=\"meta-nav\">&rarr;<\/span><\/a><\/p>\n","protected":false},"author":1,"featured_media":0,"comment_status":"closed","ping_status":"closed","sticky":false,"template":"","format":"standard","meta":{"jetpack_post_was_ever_published":false,"_jetpack_newsletter_access":"","_jetpack_dont_email_post_to_subs":false,"_jetpack_newsletter_tier_id":0,"_jetpack_memberships_contains_paywalled_content":false,"_jetpack_memberships_contains_paid_content":false,"footnotes":"","jetpack_publicize_message":"","jetpack_publicize_feature_enabled":true,"jetpack_social_post_already_shared":true,"jetpack_social_options":{"image_generator_settings":{"template":"highway","default_image_id":0,"font":"","enabled":false},"version":2}},"categories":[5],"tags":[],"class_list":["post-1440","post","type-post","status-publish","format-standard","hentry","category-stendhal-sur-internet"],"jetpack_publicize_connections":[],"jetpack_featured_media_url":"","jetpack_sharing_enabled":true,"jetpack_shortlink":"https:\/\/wp.me\/p34K8b-ne","jetpack_likes_enabled":true,"_links":{"self":[{"href":"https:\/\/stendhal.fr\/index.php?rest_route=\/wp\/v2\/posts\/1440","targetHints":{"allow":["GET"]}}],"collection":[{"href":"https:\/\/stendhal.fr\/index.php?rest_route=\/wp\/v2\/posts"}],"about":[{"href":"https:\/\/stendhal.fr\/index.php?rest_route=\/wp\/v2\/types\/post"}],"author":[{"embeddable":true,"href":"https:\/\/stendhal.fr\/index.php?rest_route=\/wp\/v2\/users\/1"}],"replies":[{"embeddable":true,"href":"https:\/\/stendhal.fr\/index.php?rest_route=%2Fwp%2Fv2%2Fcomments&post=1440"}],"version-history":[{"count":4,"href":"https:\/\/stendhal.fr\/index.php?rest_route=\/wp\/v2\/posts\/1440\/revisions"}],"predecessor-version":[{"id":1442,"href":"https:\/\/stendhal.fr\/index.php?rest_route=\/wp\/v2\/posts\/1440\/revisions\/1442"}],"wp:attachment":[{"href":"https:\/\/stendhal.fr\/index.php?rest_route=%2Fwp%2Fv2%2Fmedia&parent=1440"}],"wp:term":[{"taxonomy":"category","embeddable":true,"href":"https:\/\/stendhal.fr\/index.php?rest_route=%2Fwp%2Fv2%2Fcategories&post=1440"},{"taxonomy":"post_tag","embeddable":true,"href":"https:\/\/stendhal.fr\/index.php?rest_route=%2Fwp%2Fv2%2Ftags&post=1440"}],"curies":[{"name":"wp","href":"https:\/\/api.w.org\/{rel}","templated":true}]}}