{"id":1435,"date":"2020-03-12T15:55:14","date_gmt":"2020-03-12T14:55:14","guid":{"rendered":"http:\/\/www.stendhal.fr\/?p=1435"},"modified":"2020-03-12T15:55:14","modified_gmt":"2020-03-12T14:55:14","slug":"emmanuel-de-waresquiel-jai-tant-vu-le-soleil","status":"publish","type":"post","link":"https:\/\/stendhal.fr\/?p=1435","title":{"rendered":"Emmanuel de Waresquiel  J&rsquo;ai tant vu le soleil"},"content":{"rendered":"<p style=\"text-align: center;\"><strong>Emmanuel de Waresquiel<\/strong><\/p>\n<p style=\"text-align: center;\"><strong><em>J&rsquo;ai tant vu le soleil<\/em><\/strong><\/p>\n<p style=\"text-align: center;\"><a href=\"http:\/\/www.stendhal.fr\/wp-content\/2020\/03\/product_9782072887505_195x320.jpg\"><img loading=\"lazy\" decoding=\"async\" class=\"aligncenter size-full wp-image-1436\" src=\"http:\/\/www.stendhal.fr\/wp-content\/2020\/03\/product_9782072887505_195x320.jpg\" alt=\"\" width=\"195\" height=\"286\" \/><\/a><\/p>\n<p style=\"text-align: center;\">Collection Blanche<\/p>\n<p style=\"text-align: center;\"><a href=\"http:\/\/www.gallimard.fr\/Catalogue\/GALLIMARD\/Blanche\/J-ai-tant-vu-le-soleil\" target=\"_blank\" rel=\"noopener\">Gallimard<\/a><\/p>\n<p style=\"text-align: center;\">Parution : 12-03-2020<\/p>\n<p>\u00abDe son vivant, personne n\u2019a su exactement quels gens il voyait, quels livres il lisait, quels voyages il faisait. Il se d\u00e9robait d\u2019instinct, usait sans cesse de diminutifs, d\u2019acronymes, d\u2019anagrammes, changeait de langue et de nom au point d\u2019en avoir adopt\u00e9 plus de deux cents : Dominique, Mocenigo, Bombet, Cotonet, Esprit, William Crocodile, Choppier des Ilets, le comte de l\u2019Espine, F. de Lagenevais et bien s\u00fbr Stendhal, dont il fait son nom de plume en 1817. Tous sont le m\u00eame Henri Beyle multipli\u00e9 \u00e0 l\u2019infini comme le serait l\u2019image d\u00e9form\u00e9e d\u2019Orson Welles dans la grande sc\u00e8ne finale des miroirs de <em>La Dame de Shanghai<\/em>. La police de Fouch\u00e9, le tr\u00e8s efficace ministre de Napol\u00e9on, n\u2019explique pas tout. Stendhal s\u2019amuse. Il s\u2019invente en fac\u00e9tieux, par jeu, par moquerie peut-\u00eatre, par pudeur certainement. \u00ab\u00a0Comment m\u2019amuserai-je quand je serai vieux, si je laisse mourir la bougie qui \u00e9claire la lanterne magique?\u00a0\u00bb\u00bb<\/p>\n<p>128 pages, 140 x 205 mm<\/p>\n<p>13 euros<\/p>\n<p>Achev\u00e9 d&rsquo;imprimer : 01-02-2020<\/p>\n<p>ISBN : 9782072887505 &#8211; Gencode : 9782072887505 &#8211; Code distributeur : G04022<\/p>\n","protected":false},"excerpt":{"rendered":"<p>Emmanuel de Waresquiel J&rsquo;ai tant vu le soleil Collection Blanche Gallimard Parution : 12-03-2020 \u00abDe son vivant, personne n\u2019a su exactement quels gens il voyait, quels livres il lisait, quels voyages il faisait. Il se d\u00e9robait d\u2019instinct, usait sans cesse &hellip; <a href=\"https:\/\/stendhal.fr\/?p=1435\">Continuer la lecture <span class=\"meta-nav\">&rarr;<\/span><\/a><\/p>\n","protected":false},"author":1,"featured_media":0,"comment_status":"closed","ping_status":"closed","sticky":false,"template":"","format":"standard","meta":{"jetpack_post_was_ever_published":false,"_jetpack_newsletter_access":"","_jetpack_dont_email_post_to_subs":false,"_jetpack_newsletter_tier_id":0,"_jetpack_memberships_contains_paywalled_content":false,"_jetpack_memberships_contains_paid_content":false,"footnotes":"","jetpack_publicize_message":"","jetpack_publicize_feature_enabled":true,"jetpack_social_post_already_shared":true,"jetpack_social_options":{"image_generator_settings":{"template":"highway","default_image_id":0,"font":"","enabled":false},"version":2}},"categories":[2],"tags":[],"class_list":["post-1435","post","type-post","status-publish","format-standard","hentry","category-nouvelles-publications"],"jetpack_publicize_connections":[],"jetpack_featured_media_url":"","jetpack_sharing_enabled":true,"jetpack_shortlink":"https:\/\/wp.me\/p34K8b-n9","jetpack_likes_enabled":true,"_links":{"self":[{"href":"https:\/\/stendhal.fr\/index.php?rest_route=\/wp\/v2\/posts\/1435","targetHints":{"allow":["GET"]}}],"collection":[{"href":"https:\/\/stendhal.fr\/index.php?rest_route=\/wp\/v2\/posts"}],"about":[{"href":"https:\/\/stendhal.fr\/index.php?rest_route=\/wp\/v2\/types\/post"}],"author":[{"embeddable":true,"href":"https:\/\/stendhal.fr\/index.php?rest_route=\/wp\/v2\/users\/1"}],"replies":[{"embeddable":true,"href":"https:\/\/stendhal.fr\/index.php?rest_route=%2Fwp%2Fv2%2Fcomments&post=1435"}],"version-history":[{"count":2,"href":"https:\/\/stendhal.fr\/index.php?rest_route=\/wp\/v2\/posts\/1435\/revisions"}],"predecessor-version":[{"id":1438,"href":"https:\/\/stendhal.fr\/index.php?rest_route=\/wp\/v2\/posts\/1435\/revisions\/1438"}],"wp:attachment":[{"href":"https:\/\/stendhal.fr\/index.php?rest_route=%2Fwp%2Fv2%2Fmedia&parent=1435"}],"wp:term":[{"taxonomy":"category","embeddable":true,"href":"https:\/\/stendhal.fr\/index.php?rest_route=%2Fwp%2Fv2%2Fcategories&post=1435"},{"taxonomy":"post_tag","embeddable":true,"href":"https:\/\/stendhal.fr\/index.php?rest_route=%2Fwp%2Fv2%2Ftags&post=1435"}],"curies":[{"name":"wp","href":"https:\/\/api.w.org\/{rel}","templated":true}]}}