{"id":1427,"date":"2020-02-12T15:33:18","date_gmt":"2020-02-12T14:33:18","guid":{"rendered":"http:\/\/www.stendhal.fr\/?p=1427"},"modified":"2020-02-12T15:33:18","modified_gmt":"2020-02-12T14:33:18","slug":"hb-revue-internationale-detudes-stendhaliennes-n23-2019","status":"publish","type":"post","link":"https:\/\/stendhal.fr\/?p=1427","title":{"rendered":"HB Revue internationale d&rsquo;\u00e9tudes stendhaliennes N\u00b023\/2019"},"content":{"rendered":"<p style=\"text-align: center;\"><em><strong>HB <\/strong><\/em><\/p>\n<p style=\"text-align: center;\"><em><strong>Revue internationale d&rsquo;\u00e9tudes stendhaliennes <\/strong><\/em><\/p>\n<p style=\"text-align: center;\"><em><strong>N\u00b023\/2019<\/strong><\/em><\/p>\n<p style=\"text-align: center;\"><a href=\"http:\/\/www.euredit-editions.com\/f\/index.php\" target=\"_blank\" rel=\"noopener\">Eur\u00e9dit<\/a><\/p>\n<p><a href=\"http:\/\/www.stendhal.fr\/wp-content\/2020\/02\/HB-N\u00b0242019-1.jpeg\"><img loading=\"lazy\" decoding=\"async\" class=\"aligncenter size-medium wp-image-1430\" src=\"http:\/\/www.stendhal.fr\/wp-content\/2020\/02\/HB-N\u00b0242019-1-205x300.jpeg\" alt=\"\" width=\"205\" height=\"300\" srcset=\"https:\/\/stendhal.fr\/wp-content\/2020\/02\/HB-N\u00b0242019-1-205x300.jpeg 205w, https:\/\/stendhal.fr\/wp-content\/2020\/02\/HB-N\u00b0242019-1-768x1124.jpeg 768w, https:\/\/stendhal.fr\/wp-content\/2020\/02\/HB-N\u00b0242019-1-700x1024.jpeg 700w, https:\/\/stendhal.fr\/wp-content\/2020\/02\/HB-N\u00b0242019-1.jpeg 1326w\" sizes=\"auto, (max-width: 205px) 100vw, 205px\" \/><\/a><\/p>\n<p style=\"text-align: center;\">Dossier<\/p>\n<p style=\"text-align: center;\">Stendhal et l&rsquo;esprit<\/p>\n<p style=\"text-align: center;\">Colloque Paris-Sorbonne-Paris IV<\/p>\n<p style=\"text-align: center;\">23 et 24 mars 2018<\/p>\n<p style=\"text-align: center;\">organis\u00e9 par <em>Stendhal Aujourd&rsquo;hui<\/em><\/p>\n<p style=\"text-align: center;\">textes r\u00e9unis et pr\u00e9sent\u00e9s par Michel ARROUS<\/p>\n<p style=\"text-align: center;\">336 p.<\/p>\n<p style=\"text-align: center;\">74 euros ttc<\/p>\n<p style=\"text-align: center;\">\n","protected":false},"excerpt":{"rendered":"<p>HB Revue internationale d&rsquo;\u00e9tudes stendhaliennes N\u00b023\/2019 Eur\u00e9dit Dossier Stendhal et l&rsquo;esprit Colloque Paris-Sorbonne-Paris IV 23 et 24 mars 2018 organis\u00e9 par Stendhal Aujourd&rsquo;hui textes r\u00e9unis et pr\u00e9sent\u00e9s par Michel ARROUS 336 p. 74 euros ttc<\/p>\n","protected":false},"author":1,"featured_media":0,"comment_status":"closed","ping_status":"closed","sticky":false,"template":"","format":"standard","meta":{"jetpack_post_was_ever_published":false,"_jetpack_newsletter_access":"","_jetpack_dont_email_post_to_subs":false,"_jetpack_newsletter_tier_id":0,"_jetpack_memberships_contains_paywalled_content":false,"_jetpack_memberships_contains_paid_content":false,"footnotes":"","jetpack_publicize_message":"HB Revue internationale d'\u00e9tudes stendhaliennes N\u00b023\/2019","jetpack_publicize_feature_enabled":true,"jetpack_social_post_already_shared":true,"jetpack_social_options":{"image_generator_settings":{"template":"highway","default_image_id":0,"font":"","enabled":false},"version":2}},"categories":[2],"tags":[23],"class_list":["post-1427","post","type-post","status-publish","format-standard","hentry","category-nouvelles-publications","tag-stendhal"],"jetpack_publicize_connections":[],"jetpack_featured_media_url":"","jetpack_sharing_enabled":true,"jetpack_shortlink":"https:\/\/wp.me\/p34K8b-n1","jetpack_likes_enabled":true,"_links":{"self":[{"href":"https:\/\/stendhal.fr\/index.php?rest_route=\/wp\/v2\/posts\/1427","targetHints":{"allow":["GET"]}}],"collection":[{"href":"https:\/\/stendhal.fr\/index.php?rest_route=\/wp\/v2\/posts"}],"about":[{"href":"https:\/\/stendhal.fr\/index.php?rest_route=\/wp\/v2\/types\/post"}],"author":[{"embeddable":true,"href":"https:\/\/stendhal.fr\/index.php?rest_route=\/wp\/v2\/users\/1"}],"replies":[{"embeddable":true,"href":"https:\/\/stendhal.fr\/index.php?rest_route=%2Fwp%2Fv2%2Fcomments&post=1427"}],"version-history":[{"count":3,"href":"https:\/\/stendhal.fr\/index.php?rest_route=\/wp\/v2\/posts\/1427\/revisions"}],"predecessor-version":[{"id":1432,"href":"https:\/\/stendhal.fr\/index.php?rest_route=\/wp\/v2\/posts\/1427\/revisions\/1432"}],"wp:attachment":[{"href":"https:\/\/stendhal.fr\/index.php?rest_route=%2Fwp%2Fv2%2Fmedia&parent=1427"}],"wp:term":[{"taxonomy":"category","embeddable":true,"href":"https:\/\/stendhal.fr\/index.php?rest_route=%2Fwp%2Fv2%2Fcategories&post=1427"},{"taxonomy":"post_tag","embeddable":true,"href":"https:\/\/stendhal.fr\/index.php?rest_route=%2Fwp%2Fv2%2Ftags&post=1427"}],"curies":[{"name":"wp","href":"https:\/\/api.w.org\/{rel}","templated":true}]}}