{"id":1391,"date":"2019-07-10T10:22:05","date_gmt":"2019-07-10T09:22:05","guid":{"rendered":"http:\/\/www.stendhal.fr\/?p=1391"},"modified":"2019-07-10T10:22:05","modified_gmt":"2019-07-10T09:22:05","slug":"les-deux-visages-de-sebastien-falquet-de-planta-soldat-et-philosophe-1770-1839-de-yves-jocteur-montrozier","status":"publish","type":"post","link":"https:\/\/stendhal.fr\/?p=1391","title":{"rendered":"Les deux visages de S\u00e9bastien Falquet de Planta Soldat et philosophe (1770 &#8211; 1839) de Yves Jocteur Montrozier"},"content":{"rendered":"<p style=\"text-align: center;\"><strong>La vie d&rsquo;un contemporain grenoblois de Stendhal<\/strong><\/p>\n<p style=\"text-align: center;\"><strong><em>Les deux visages de S\u00e9bastien Falquet de Planta<\/em><\/strong><br \/>\n<strong><em>Soldat et philosophe (1770 &#8211; 1839)<\/em><\/strong><br \/>\n<strong>de Yves Jocteur Montrozier<\/strong><\/p>\n<p style=\"text-align: center;\"><a href=\"http:\/\/www.stendhal.fr\/wp-content\/2019\/07\/9782706142642.jpg\"><img loading=\"lazy\" decoding=\"async\" class=\"aligncenter wp-image-1392 size-medium\" src=\"http:\/\/www.stendhal.fr\/wp-content\/2019\/07\/9782706142642-200x300.jpg\" alt=\"\" width=\"200\" height=\"300\" srcset=\"https:\/\/stendhal.fr\/wp-content\/2019\/07\/9782706142642-200x300.jpg 200w, https:\/\/stendhal.fr\/wp-content\/2019\/07\/9782706142642.jpg 430w\" sizes=\"auto, (max-width: 200px) 100vw, 200px\" \/><\/a><\/p>\n<p style=\"text-align: center;\">PUG<br \/>\nCollection : La Pierre et l&rsquo;Ecrit<br \/>\nmai 2019<\/p>\n<p style=\"text-align: center;\">Livre papier<br \/>\nformat 160 x 240 382 pages<br \/>\n39,00 \u20ac<\/p>\n<p style=\"text-align: center;\"><a href=\"https:\/\/www.pug.fr\/produit\/1666\/9782706142642\/les-deux-visages-de-sebastien-falquet-de-planta\" target=\"_blank\" rel=\"noopener\">https:\/\/www.pug.fr\/produit\/1666\/9782706142642\/les-deux-visages-de-sebastien-falquet-de-planta<\/a><\/p>\n<p>Dans une \u00e9poque troubl\u00e9e qui connut six r\u00e9gimes diff\u00e9rents, les contradictions et revirements de S\u00e9bastien Falquet de Planta (1770-1839), ont souvent d\u00e9sar\u00e7onn\u00e9 ses contemporains. Le millier de lettres, laiss\u00e9 par ce personnage controvers\u00e9 t\u00e9moigne du destin exceptionnellement riche de ce militaire et ch\u00e2telain de Fontaine, pr\u00e8s de Grenoble.<br \/>\nGr\u00e2ce \u00e0 l\u2019\u00e9tude minutieuse de sa correspondance, Yves Jocteur Montrozier a pu retrouver, derri\u00e8re les jugements st\u00e9r\u00e9otyp\u00e9s, le visage d\u2019un homme id\u00e9aliste et sinc\u00e8re qui sut se construire un r\u00e9seau d\u2019amis et de correspondants remarquables\u00a0: Johann Heinrich Pestalozzi, Andr\u00e9-Marie Amp\u00e8re, Pierre Maine de Biran, Alessandro Manzoni, Giulia Beccaria. Il sut aussi se conserver un capital de reconnaissance gr\u00e2ce \u00e0 sa curiosit\u00e9 insatiable pour les nouveaut\u00e9s de son temps : philosophie, p\u00e9dagogie, magn\u00e9tisme animal, r\u00e9forme carc\u00e9rale, etc.<br \/>\nAu travers de ces lettres, c\u2019est \u00e0 la fois la vie intellectuelle \u00e0 Paris et \u00e0 Grenoble qui se r\u00e9v\u00e8le, mais aussi les p\u00e9rip\u00e9ties politiques de la R\u00e9volution,de l\u2019Empire et de la Restauration.<\/p>\n","protected":false},"excerpt":{"rendered":"<p>La vie d&rsquo;un contemporain grenoblois de Stendhal Les deux visages de S\u00e9bastien Falquet de Planta Soldat et philosophe (1770 &#8211; 1839) de Yves Jocteur Montrozier PUG Collection : La Pierre et l&rsquo;Ecrit mai 2019 Livre papier format 160 x 240 &hellip; <a href=\"https:\/\/stendhal.fr\/?p=1391\">Continuer la lecture <span class=\"meta-nav\">&rarr;<\/span><\/a><\/p>\n","protected":false},"author":1,"featured_media":0,"comment_status":"closed","ping_status":"closed","sticky":false,"template":"","format":"standard","meta":{"jetpack_post_was_ever_published":false,"_jetpack_newsletter_access":"","_jetpack_dont_email_post_to_subs":false,"_jetpack_newsletter_tier_id":0,"_jetpack_memberships_contains_paywalled_content":false,"_jetpack_memberships_contains_paid_content":false,"footnotes":"","jetpack_publicize_message":"","jetpack_publicize_feature_enabled":true,"jetpack_social_post_already_shared":true,"jetpack_social_options":{"image_generator_settings":{"template":"highway","default_image_id":0,"font":"","enabled":false},"version":2}},"categories":[2],"tags":[],"class_list":["post-1391","post","type-post","status-publish","format-standard","hentry","category-nouvelles-publications"],"jetpack_publicize_connections":[],"jetpack_featured_media_url":"","jetpack_sharing_enabled":true,"jetpack_shortlink":"https:\/\/wp.me\/p34K8b-mr","jetpack_likes_enabled":true,"_links":{"self":[{"href":"https:\/\/stendhal.fr\/index.php?rest_route=\/wp\/v2\/posts\/1391","targetHints":{"allow":["GET"]}}],"collection":[{"href":"https:\/\/stendhal.fr\/index.php?rest_route=\/wp\/v2\/posts"}],"about":[{"href":"https:\/\/stendhal.fr\/index.php?rest_route=\/wp\/v2\/types\/post"}],"author":[{"embeddable":true,"href":"https:\/\/stendhal.fr\/index.php?rest_route=\/wp\/v2\/users\/1"}],"replies":[{"embeddable":true,"href":"https:\/\/stendhal.fr\/index.php?rest_route=%2Fwp%2Fv2%2Fcomments&post=1391"}],"version-history":[{"count":2,"href":"https:\/\/stendhal.fr\/index.php?rest_route=\/wp\/v2\/posts\/1391\/revisions"}],"predecessor-version":[{"id":1394,"href":"https:\/\/stendhal.fr\/index.php?rest_route=\/wp\/v2\/posts\/1391\/revisions\/1394"}],"wp:attachment":[{"href":"https:\/\/stendhal.fr\/index.php?rest_route=%2Fwp%2Fv2%2Fmedia&parent=1391"}],"wp:term":[{"taxonomy":"category","embeddable":true,"href":"https:\/\/stendhal.fr\/index.php?rest_route=%2Fwp%2Fv2%2Fcategories&post=1391"},{"taxonomy":"post_tag","embeddable":true,"href":"https:\/\/stendhal.fr\/index.php?rest_route=%2Fwp%2Fv2%2Ftags&post=1391"}],"curies":[{"name":"wp","href":"https:\/\/api.w.org\/{rel}","templated":true}]}}