{"id":1366,"date":"2019-03-11T17:22:09","date_gmt":"2019-03-11T16:22:09","guid":{"rendered":"http:\/\/www.stendhal.fr\/?p=1366"},"modified":"2019-03-11T17:22:09","modified_gmt":"2019-03-11T16:22:09","slug":"stendhal-le-reel-et-le-realisme-colloque-organise-par-stendhal-aujourdhui","status":"publish","type":"post","link":"https:\/\/stendhal.fr\/?p=1366","title":{"rendered":"Stendhal, le r\u00e9el et le r\u00e9alisme Colloque organis\u00e9 par Stendhal Aujourd\u2019hui"},"content":{"rendered":"<p style=\"text-align: center;\"><strong>STENDHAL, LE R\u00c9EL ET LE R\u00c9ALISME<\/strong><br \/>\n<strong>Colloque organis\u00e9 par Stendhal Aujourd\u2019hui<\/strong><br \/>\nAvec la collaboration de HB Revue internationale d\u2019\u00e9tudes stendhaliennes<br \/>\nUniversit\u00e9 Paris-Sorbonne-Paris IV, 22 et 23 mars 2019<\/p>\n<p style=\"text-align: center;\"><strong>Vendredi 22 mars, Maison de la Recherche, salle D 323 (28 rue Serpente, 75006 Paris)<\/strong><\/p>\n<p style=\"text-align: center;\"><strong>9h30 Accueil et ouverture de la premi\u00e8re partie<\/strong><\/p>\n<p>&nbsp;<\/p>\n<p>La bourgeoisie et l\u2019obsession du r\u00e9el par Brahim Karoui<\/p>\n<p>Le r\u00e9el et le refus de l\u2019id\u00e9al par Elisabeth Scheele<\/p>\n<p>Retour \u00e0 la \u00ab\u00a0cat\u00e9gorie du r\u00e9el\u00a0\u00bb. La probl\u00e9matique de Georges Blin par Ferdinand Collier<\/p>\n<p style=\"text-align: center;\">\n<strong>12h-14h D\u00e9jeuner des intervenant<\/strong>s<\/p>\n<p>La tour Farn\u00e8se et l\u2019espace retrouv\u00e9\u00a0: l\u2019architecture dans <em>La Chartreuse de Parme <\/em>par Fabio Melo<\/p>\n<p>Le hasard et les d\u00e9tails dans <em>La Chartreuse de Parme<\/em> par Encarnaci\u00f3n Medina Arjona<\/p>\n<p>\u00c0 propos des Romans abandonn\u00e9s\u00a0: la r\u00e9alisation du r\u00e9cit stendhalien par Thierry Ozwald<\/p>\n<p>&nbsp;<\/p>\n<p style=\"text-align: center;\"><strong>Samedi 23 mars, Maison de la Recherche, salle D 323 (28 rue Serpente, 75006 Paris)<\/strong><\/p>\n<p style=\"text-align: center;\">\n<strong>9h30 Accueil et ouverture de la deuxi\u00e8me journ\u00e9e<\/strong><\/p>\n<p>\u00c9tat des lieux descriptif par Nicolas Perot<\/p>\n<p>\u00ab\u00a0Mais j\u2019allai trop loin\u00a0\u00bb. Stendhal, le r\u00e9el et ses limites par Michel Crouzet<\/p>\n<p>Le r\u00e9alisme est-il possible sur la sc\u00e8ne lyrique\u00a0? par B\u00e9atrice Didier<\/p>\n<p style=\"text-align: center;\">\n<strong>12h-14h D\u00e9jeuner des intervenants<\/strong><\/p>\n<p>La surprise dans une phrase\u00a0: r\u00e9alisme et saugrenu chez Stendhal par Wang Siyang<\/p>\n<p>Le haut et le bas.\u00a0En route avec Stendhal par Lydia Bauer<\/p>\n<p>La bataille de la v\u00e9rit\u00e9 au S<em>alon de 1824<\/em> par Marie-Pierre Chabanne<\/p>\n","protected":false},"excerpt":{"rendered":"<p>STENDHAL, LE R\u00c9EL ET LE R\u00c9ALISME Colloque organis\u00e9 par Stendhal Aujourd\u2019hui Avec la collaboration de HB Revue internationale d\u2019\u00e9tudes stendhaliennes Universit\u00e9 Paris-Sorbonne-Paris IV, 22 et 23 mars 2019 Vendredi 22 mars, Maison de la Recherche, salle D 323 (28 rue &hellip; <a href=\"https:\/\/stendhal.fr\/?p=1366\">Continuer la lecture <span class=\"meta-nav\">&rarr;<\/span><\/a><\/p>\n","protected":false},"author":1,"featured_media":0,"comment_status":"closed","ping_status":"closed","sticky":false,"template":"","format":"standard","meta":{"jetpack_post_was_ever_published":false,"_jetpack_newsletter_access":"","_jetpack_dont_email_post_to_subs":false,"_jetpack_newsletter_tier_id":0,"_jetpack_memberships_contains_paywalled_content":false,"_jetpack_memberships_contains_paid_content":false,"footnotes":"","jetpack_publicize_message":"","jetpack_publicize_feature_enabled":true,"jetpack_social_post_already_shared":true,"jetpack_social_options":{"image_generator_settings":{"template":"highway","default_image_id":0,"font":"","enabled":false},"version":2}},"categories":[6],"tags":[],"class_list":["post-1366","post","type-post","status-publish","format-standard","hentry","category-colloques"],"jetpack_publicize_connections":[],"jetpack_featured_media_url":"","jetpack_sharing_enabled":true,"jetpack_shortlink":"https:\/\/wp.me\/p34K8b-m2","jetpack_likes_enabled":true,"_links":{"self":[{"href":"https:\/\/stendhal.fr\/index.php?rest_route=\/wp\/v2\/posts\/1366","targetHints":{"allow":["GET"]}}],"collection":[{"href":"https:\/\/stendhal.fr\/index.php?rest_route=\/wp\/v2\/posts"}],"about":[{"href":"https:\/\/stendhal.fr\/index.php?rest_route=\/wp\/v2\/types\/post"}],"author":[{"embeddable":true,"href":"https:\/\/stendhal.fr\/index.php?rest_route=\/wp\/v2\/users\/1"}],"replies":[{"embeddable":true,"href":"https:\/\/stendhal.fr\/index.php?rest_route=%2Fwp%2Fv2%2Fcomments&post=1366"}],"version-history":[{"count":1,"href":"https:\/\/stendhal.fr\/index.php?rest_route=\/wp\/v2\/posts\/1366\/revisions"}],"predecessor-version":[{"id":1367,"href":"https:\/\/stendhal.fr\/index.php?rest_route=\/wp\/v2\/posts\/1366\/revisions\/1367"}],"wp:attachment":[{"href":"https:\/\/stendhal.fr\/index.php?rest_route=%2Fwp%2Fv2%2Fmedia&parent=1366"}],"wp:term":[{"taxonomy":"category","embeddable":true,"href":"https:\/\/stendhal.fr\/index.php?rest_route=%2Fwp%2Fv2%2Fcategories&post=1366"},{"taxonomy":"post_tag","embeddable":true,"href":"https:\/\/stendhal.fr\/index.php?rest_route=%2Fwp%2Fv2%2Ftags&post=1366"}],"curies":[{"name":"wp","href":"https:\/\/api.w.org\/{rel}","templated":true}]}}