{"id":1361,"date":"2019-02-19T10:34:04","date_gmt":"2019-02-19T09:34:04","guid":{"rendered":"http:\/\/www.stendhal.fr\/?p=1361"},"modified":"2019-02-19T10:34:04","modified_gmt":"2019-02-19T09:34:04","slug":"lectures-et-lecteurs-de-stendhal-3","status":"publish","type":"post","link":"https:\/\/stendhal.fr\/?p=1361","title":{"rendered":"Lectures et lecteurs de Stendhal"},"content":{"rendered":"<p style=\"text-align: center;\"><strong><em>Lectures et lecteurs de Stendhal<\/em><\/strong><\/p>\n<p style=\"text-align: center;\"><strong>Sous la direction de Marie-Rose Corredor, B\u00e9atrice Didier et H\u00e9l\u00e8ne de Jacquelot<\/strong><\/p>\n<p style=\"text-align: center;\"><a href=\"http:\/\/www.stendhal.fr\/wp-content\/2019\/02\/book-08534958.jpg\"><img loading=\"lazy\" decoding=\"async\" class=\"aligncenter wp-image-1362 size-medium\" src=\"http:\/\/www.stendhal.fr\/wp-content\/2019\/02\/book-08534958-203x300.jpg\" alt=\"\" width=\"203\" height=\"300\" srcset=\"https:\/\/stendhal.fr\/wp-content\/2019\/02\/book-08534958-203x300.jpg 203w, https:\/\/stendhal.fr\/wp-content\/2019\/02\/book-08534958.jpg 458w\" sizes=\"auto, (max-width: 203px) 100vw, 203px\" \/><\/a><\/p>\n<p style=\"text-align: center;\"><a href=\"https:\/\/www.honorechampion.com\/fr\/champion\/10923-book-08534958-9782745349583.html\" target=\"_blank\" rel=\"noopener\">Honor\u00e9 Champion<\/a><\/p>\n<p>Les lectures de ce XVIIIe si\u00e8cle dont il est issu constituent un h\u00e9ritage qui repr\u00e9sente pour Stendhal une cellule g\u00e9n\u00e9ratrice d\u2019imaginaire et d\u2019id\u00e9es : les m\u00e9morialistes, Montesquieu, Voltaire, Pr\u00e9vost, Diderot, Rousseau. Sans oublier la place inaugurale qui revient \u00e0 Moli\u00e8re, un des premiers mod\u00e8les, et les r\u00e9cits de voyage qui ont servi de discours d\u2019escorte au futur \u00ab touriste \u00bb.<br \/>\nEn regard, Stendhal le \u00ab cosmopolite \u00bb, celui qui disait avoir \u00ab\u00a0parcouru l\u2019Europe de Naples \u00e0 Moscou \u00bb, a bien \u00e9t\u00e9 lu, entre autres, par Suar\u00e8s et Val\u00e9ry en France, Ortega y Gasset en Espagne, Gadda, Sciascia et Calvino en Italie, Zamiatine en Russie, Sebald en Allemagne. Cet aper\u00e7u de quelques lecteurs europ\u00e9ens et modernes illustre l\u2019h\u00e9ritage laiss\u00e9 par celui qui croyait \u00ab aux lecteurs de l\u2019avenir \u00bb.<\/p>\n<p>Professeur \u00e9m\u00e9rite \u00e0 l\u2019universit\u00e9 Grenoble Alpes, Marie-Rose Corredor a dirig\u00e9 le Centre d\u2019\u00e9tudes stendhaliennes et romantiques de 2000 \u00e0 2012 ; derni\u00e8res publications : <em>Stendhal, Journaux et papiers<\/em>, t. I, Ellug, 2013 ; <em>Stendhal Romantique ? Stendhal et les romantismes europ\u00e9ens<\/em>, Ellug, 2016.<\/p>\n<p>B\u00e9atrice Didier, professeur \u00e9m\u00e9rite \u00e0 l\u2019\u00c9cole Normale sup\u00e9rieure (Ulm) o\u00f9 elle a longtemps dirig\u00e9 le d\u00e9partement LILA (Litt\u00e9rature et Langage), est sp\u00e9cialiste de la litt\u00e9rature de la fin du XVIIIe si\u00e8cle et du d\u00e9but du XIXe si\u00e8cle. Elle a publi\u00e9 plusieurs livres et articles sur Stendhal : <em>Stendhal autobiographe<\/em> (PUF), <em>La Chartreuse de Parme ou la dict\u00e9e du bonheur<\/em> (Klincksieck), <em>Les manuscrits de Stendhal<\/em> (en coll. avec J. Neefs, P.U. Vincennes). Elle a aussi donn\u00e9 plusieurs \u00e9ditions d\u2019oeuvres de Stendhal en folio (<em>Vie de Henry Brulard, Souvenirs d\u2019\u00c9gotisme<\/em>\u2026).<\/p>\n<p>H\u00e9l\u00e8ne de Jacquelot enseigne la litt\u00e9rature fran\u00e7aise \u00e0 l\u2019Universit\u00e9 de Pise ; avec Sandra Teroni, elle a publi\u00e9 l\u2019\u00e9dition critique et g\u00e9n\u00e9tique des <em>Id\u00e9es italiennes sur quelques tableaux c\u00e9l\u00e8bres<\/em> d\u2019Abraham Constantin et <em>Stendhal<\/em> (Beaux-Arts de Paris, 2013) ; en collaboration avec l\u2019\u00e9quipe \u00ab\u00a0Manuscrits de Stendhal \u00bb de l\u2019Universit\u00e9 Grenoble Alpes, elle publie les <em>Journaux et Papiers de Stendhal<\/em> (t. I, avec C\u00e9cile Meynard et Marie-Rose Corredor, Ellug, 2013 ; t. II, avec C\u00e9cile Meynard et Jean- Jacques Labia, en pr\u00e9paration).<\/p>\n<p>&nbsp;<\/p>\n<p>Format 15,5 X 23,5 CM 344 P. BROCH\u00c9 Date de publication22\/02\/2019 PARIS<br \/>\nISBN 9782745349583<br \/>\nEAN13 9782745349583<\/p>\n<p>48 euros<\/p>\n","protected":false},"excerpt":{"rendered":"<p>Lectures et lecteurs de Stendhal Sous la direction de Marie-Rose Corredor, B\u00e9atrice Didier et H\u00e9l\u00e8ne de Jacquelot Honor\u00e9 Champion Les lectures de ce XVIIIe si\u00e8cle dont il est issu constituent un h\u00e9ritage qui repr\u00e9sente pour Stendhal une cellule g\u00e9n\u00e9ratrice d\u2019imaginaire &hellip; <a href=\"https:\/\/stendhal.fr\/?p=1361\">Continuer la lecture <span class=\"meta-nav\">&rarr;<\/span><\/a><\/p>\n","protected":false},"author":1,"featured_media":0,"comment_status":"closed","ping_status":"closed","sticky":false,"template":"","format":"standard","meta":{"jetpack_post_was_ever_published":false,"_jetpack_newsletter_access":"","_jetpack_dont_email_post_to_subs":false,"_jetpack_newsletter_tier_id":0,"_jetpack_memberships_contains_paywalled_content":false,"_jetpack_memberships_contains_paid_content":false,"footnotes":"","jetpack_publicize_message":"","jetpack_publicize_feature_enabled":true,"jetpack_social_post_already_shared":true,"jetpack_social_options":{"image_generator_settings":{"template":"highway","default_image_id":0,"font":"","enabled":false},"version":2}},"categories":[2],"tags":[],"class_list":["post-1361","post","type-post","status-publish","format-standard","hentry","category-nouvelles-publications"],"jetpack_publicize_connections":[],"jetpack_featured_media_url":"","jetpack_sharing_enabled":true,"jetpack_shortlink":"https:\/\/wp.me\/p34K8b-lX","jetpack_likes_enabled":true,"_links":{"self":[{"href":"https:\/\/stendhal.fr\/index.php?rest_route=\/wp\/v2\/posts\/1361","targetHints":{"allow":["GET"]}}],"collection":[{"href":"https:\/\/stendhal.fr\/index.php?rest_route=\/wp\/v2\/posts"}],"about":[{"href":"https:\/\/stendhal.fr\/index.php?rest_route=\/wp\/v2\/types\/post"}],"author":[{"embeddable":true,"href":"https:\/\/stendhal.fr\/index.php?rest_route=\/wp\/v2\/users\/1"}],"replies":[{"embeddable":true,"href":"https:\/\/stendhal.fr\/index.php?rest_route=%2Fwp%2Fv2%2Fcomments&post=1361"}],"version-history":[{"count":2,"href":"https:\/\/stendhal.fr\/index.php?rest_route=\/wp\/v2\/posts\/1361\/revisions"}],"predecessor-version":[{"id":1364,"href":"https:\/\/stendhal.fr\/index.php?rest_route=\/wp\/v2\/posts\/1361\/revisions\/1364"}],"wp:attachment":[{"href":"https:\/\/stendhal.fr\/index.php?rest_route=%2Fwp%2Fv2%2Fmedia&parent=1361"}],"wp:term":[{"taxonomy":"category","embeddable":true,"href":"https:\/\/stendhal.fr\/index.php?rest_route=%2Fwp%2Fv2%2Fcategories&post=1361"},{"taxonomy":"post_tag","embeddable":true,"href":"https:\/\/stendhal.fr\/index.php?rest_route=%2Fwp%2Fv2%2Ftags&post=1361"}],"curies":[{"name":"wp","href":"https:\/\/api.w.org\/{rel}","templated":true}]}}