{"id":1290,"date":"2018-04-17T09:38:49","date_gmt":"2018-04-17T08:38:49","guid":{"rendered":"http:\/\/www.stendhal.fr\/?p=1290"},"modified":"2018-04-17T09:38:49","modified_gmt":"2018-04-17T08:38:49","slug":"stendhal-dominique-fernandez","status":"publish","type":"post","link":"https:\/\/stendhal.fr\/?p=1290","title":{"rendered":"Stendhal Dominique Fernandez"},"content":{"rendered":"<p style=\"text-align: center;\"><em><strong>Stendhal<\/strong><\/em><br \/>\n<strong>Dominique Fernandez<\/strong><\/p>\n<p style=\"text-align: center;\">Les auteurs de ma vie<br \/>\nDate de parution\u00a0: 12\/04\/2018<br \/>\nFormat : 11,5 x 19,0 cm, 232 p., 14,00 EUR \u20ac<br \/>\nISBN 978-2-283-03100-1<\/p>\n<p style=\"text-align: center;\"><a href=\"http:\/\/www.buchetchastel.fr\/stendhal-dominique-fernandez-9782283031001\" target=\"_blank\" rel=\"noopener\">\u00c9ditions BUCHET CHASTEL<\/a><\/p>\n<p>Dans la vie d\u2019un lecteur, certains auteurs occupent une place \u00e0 part\u00a0: lectures inaugurales, compagnons de tous les jours, sources auxquelles on revient. La collection \u00ab\u00a0Les auteurs de ma vie\u00a0\u00bb invite de grands \u00e9crivains contemporains \u00e0 partager leur admiration pour un classique dont la lecture a particuli\u00e8rement compt\u00e9 pour eux.<\/p>\n<p>\u00ab\u00a0Avec qui aurais-je envie de m\u2019asseoir \u00e0 la table d\u2019un caf\u00e9 (d\u2019un glacier) et de bavarder tranquillement\u00a0? Pas avec Balzac, de peur qu\u2019il ne me lise le caract\u00e8re des passants d\u2019apr\u00e8s les bosses de leur cr\u00e2ne\u00a0; ni avec Flaubert, par crainte d\u2019\u00eatre assomm\u00e9 par ses gueulades contre les bourgeois\u00a0; ni avec Tolsto\u00ef, qui me reprocherait de perdre mon temps au lieu de travailler \u00e0 mon\u00a0perfectionnement spirituel. Devant Baudelaire je me sentirais un imb\u00e9cile. Proust serait trop intimidant, Dosto\u00efevski trop encombrant.\u00a0Reste Stendhal, parce que, avec lui, je ne saurais m\u00eame pas que je suis assis aupr\u00e8s de quelqu\u2019un qui fait les plus beaux livres du monde. On parlerait Italie, on parlerait musique, on comparerait le d\u00f4me du Panth\u00e9on et la coupole de Saint-Pierre\u00a0; et seulement, en me levant, je d\u00e9couvrirais qu\u2019il a \u00e9crit <em>Le Rouge et le Noir<\/em>.\u00a0\u00bb<\/p>\n<p>&nbsp;<\/p>\n","protected":false},"excerpt":{"rendered":"<p>Stendhal Dominique Fernandez Les auteurs de ma vie Date de parution\u00a0: 12\/04\/2018 Format : 11,5 x 19,0 cm, 232 p., 14,00 EUR \u20ac ISBN 978-2-283-03100-1 \u00c9ditions BUCHET CHASTEL Dans la vie d\u2019un lecteur, certains auteurs occupent une place \u00e0 part\u00a0: &hellip; <a href=\"https:\/\/stendhal.fr\/?p=1290\">Continuer la lecture <span class=\"meta-nav\">&rarr;<\/span><\/a><\/p>\n","protected":false},"author":1,"featured_media":0,"comment_status":"closed","ping_status":"closed","sticky":false,"template":"","format":"standard","meta":{"jetpack_post_was_ever_published":false,"_jetpack_newsletter_access":"","_jetpack_dont_email_post_to_subs":false,"_jetpack_newsletter_tier_id":0,"_jetpack_memberships_contains_paywalled_content":false,"_jetpack_memberships_contains_paid_content":false,"footnotes":"","jetpack_publicize_message":"","jetpack_publicize_feature_enabled":true,"jetpack_social_post_already_shared":true,"jetpack_social_options":{"image_generator_settings":{"template":"highway","default_image_id":0,"font":"","enabled":false},"version":2}},"categories":[2],"tags":[],"class_list":["post-1290","post","type-post","status-publish","format-standard","hentry","category-nouvelles-publications"],"jetpack_publicize_connections":[],"jetpack_featured_media_url":"","jetpack_sharing_enabled":true,"jetpack_shortlink":"https:\/\/wp.me\/p34K8b-kO","jetpack_likes_enabled":true,"_links":{"self":[{"href":"https:\/\/stendhal.fr\/index.php?rest_route=\/wp\/v2\/posts\/1290","targetHints":{"allow":["GET"]}}],"collection":[{"href":"https:\/\/stendhal.fr\/index.php?rest_route=\/wp\/v2\/posts"}],"about":[{"href":"https:\/\/stendhal.fr\/index.php?rest_route=\/wp\/v2\/types\/post"}],"author":[{"embeddable":true,"href":"https:\/\/stendhal.fr\/index.php?rest_route=\/wp\/v2\/users\/1"}],"replies":[{"embeddable":true,"href":"https:\/\/stendhal.fr\/index.php?rest_route=%2Fwp%2Fv2%2Fcomments&post=1290"}],"version-history":[{"count":3,"href":"https:\/\/stendhal.fr\/index.php?rest_route=\/wp\/v2\/posts\/1290\/revisions"}],"predecessor-version":[{"id":1295,"href":"https:\/\/stendhal.fr\/index.php?rest_route=\/wp\/v2\/posts\/1290\/revisions\/1295"}],"wp:attachment":[{"href":"https:\/\/stendhal.fr\/index.php?rest_route=%2Fwp%2Fv2%2Fmedia&parent=1290"}],"wp:term":[{"taxonomy":"category","embeddable":true,"href":"https:\/\/stendhal.fr\/index.php?rest_route=%2Fwp%2Fv2%2Fcategories&post=1290"},{"taxonomy":"post_tag","embeddable":true,"href":"https:\/\/stendhal.fr\/index.php?rest_route=%2Fwp%2Fv2%2Ftags&post=1290"}],"curies":[{"name":"wp","href":"https:\/\/api.w.org\/{rel}","templated":true}]}}