{"id":1284,"date":"2018-03-29T15:31:03","date_gmt":"2018-03-29T14:31:03","guid":{"rendered":"http:\/\/www.stendhal.fr\/?p=1284"},"modified":"2018-03-29T15:31:03","modified_gmt":"2018-03-29T14:31:03","slug":"stendhal-et-laristocratie-2","status":"publish","type":"post","link":"https:\/\/stendhal.fr\/?p=1284","title":{"rendered":"Stendhal et l&rsquo;aristocratie"},"content":{"rendered":"<p style=\"text-align: center;\">UNE R\u00c9\u00c9DITION\u2026<\/p>\n<p style=\"text-align: center;\">STENDHAL ET L\u2019ARISTOCRATIE<br \/>\nActes du colloque<br \/>\norganis\u00e9 par<br \/>\nSTENDHAL AUJOURD\u2019HUI<br \/>\nParis-Sorbonne-Paris IV<br \/>\n25-26 mars 2011<br \/>\n\u00c9tudes r\u00e9unies et pr\u00e9sent\u00e9es par Michel ARROUS<\/p>\n<p style=\"text-align: center;\">Avec les contributions de<br \/>\nMax Andr\u00e9oli, Francis Claudon, Michel Crouzet, L\u00e9da d\u2019Al\u00e9o, Claire Deslauriers, Suzel Esquier, Audrey Giboux, Fran\u00e7oise Guinoiseau, Maria Vicenta Hern\u00e1ndez \u00c1lvarez, Brahim Karoui, Sascha Luethy, Andr\u00e9e Mansau, M\u00e9k\u00e9 M\u00e9it\u00e9, Brigitte M\u00e9ra, Pierrette Pavet, Nicolas Perot, \u00c9lisabeth Scheele, Maria Zani<\/p>\n<p style=\"text-align: center;\">\nParis, Eur\u00e9dit, mars 2018, 317 p. Collection HB n\u00b0 5<br \/>\nEur\u00e9dit\u00a0: BP 35 \u2013 32150 Cazaubon Cx<br \/>\nCourriel\u00a0: <a href=\"mailto:contact@euredit-editions.com\" target=\"_blank\" rel=\"noopener\">contact@euredit-editions.com<\/a><\/p>\n","protected":false},"excerpt":{"rendered":"<p>UNE R\u00c9\u00c9DITION\u2026 STENDHAL ET L\u2019ARISTOCRATIE Actes du colloque organis\u00e9 par STENDHAL AUJOURD\u2019HUI Paris-Sorbonne-Paris IV 25-26 mars 2011 \u00c9tudes r\u00e9unies et pr\u00e9sent\u00e9es par Michel ARROUS Avec les contributions de Max Andr\u00e9oli, Francis Claudon, Michel Crouzet, L\u00e9da d\u2019Al\u00e9o, Claire Deslauriers, Suzel Esquier, &hellip; <a href=\"https:\/\/stendhal.fr\/?p=1284\">Continuer la lecture <span class=\"meta-nav\">&rarr;<\/span><\/a><\/p>\n","protected":false},"author":1,"featured_media":0,"comment_status":"closed","ping_status":"closed","sticky":false,"template":"","format":"standard","meta":{"jetpack_post_was_ever_published":false,"_jetpack_newsletter_access":"","_jetpack_dont_email_post_to_subs":false,"_jetpack_newsletter_tier_id":0,"_jetpack_memberships_contains_paywalled_content":false,"_jetpack_memberships_contains_paid_content":false,"footnotes":"","jetpack_publicize_message":"","jetpack_publicize_feature_enabled":true,"jetpack_social_post_already_shared":true,"jetpack_social_options":{"image_generator_settings":{"template":"highway","default_image_id":0,"font":"","enabled":false},"version":2}},"categories":[2],"tags":[],"class_list":["post-1284","post","type-post","status-publish","format-standard","hentry","category-nouvelles-publications"],"jetpack_publicize_connections":[],"jetpack_featured_media_url":"","jetpack_sharing_enabled":true,"jetpack_shortlink":"https:\/\/wp.me\/p34K8b-kI","jetpack_likes_enabled":true,"_links":{"self":[{"href":"https:\/\/stendhal.fr\/index.php?rest_route=\/wp\/v2\/posts\/1284","targetHints":{"allow":["GET"]}}],"collection":[{"href":"https:\/\/stendhal.fr\/index.php?rest_route=\/wp\/v2\/posts"}],"about":[{"href":"https:\/\/stendhal.fr\/index.php?rest_route=\/wp\/v2\/types\/post"}],"author":[{"embeddable":true,"href":"https:\/\/stendhal.fr\/index.php?rest_route=\/wp\/v2\/users\/1"}],"replies":[{"embeddable":true,"href":"https:\/\/stendhal.fr\/index.php?rest_route=%2Fwp%2Fv2%2Fcomments&post=1284"}],"version-history":[{"count":2,"href":"https:\/\/stendhal.fr\/index.php?rest_route=\/wp\/v2\/posts\/1284\/revisions"}],"predecessor-version":[{"id":1286,"href":"https:\/\/stendhal.fr\/index.php?rest_route=\/wp\/v2\/posts\/1284\/revisions\/1286"}],"wp:attachment":[{"href":"https:\/\/stendhal.fr\/index.php?rest_route=%2Fwp%2Fv2%2Fmedia&parent=1284"}],"wp:term":[{"taxonomy":"category","embeddable":true,"href":"https:\/\/stendhal.fr\/index.php?rest_route=%2Fwp%2Fv2%2Fcategories&post=1284"},{"taxonomy":"post_tag","embeddable":true,"href":"https:\/\/stendhal.fr\/index.php?rest_route=%2Fwp%2Fv2%2Ftags&post=1284"}],"curies":[{"name":"wp","href":"https:\/\/api.w.org\/{rel}","templated":true}]}}