{"id":1281,"date":"2018-03-02T11:48:20","date_gmt":"2018-03-02T10:48:20","guid":{"rendered":"http:\/\/www.stendhal.fr\/?p=1281"},"modified":"2018-03-02T11:48:20","modified_gmt":"2018-03-02T10:48:20","slug":"stendhal-et-lesprit-colloque-organise-par-stendhal-aujourdhui-avec-la-collaboration-de-hb-revue-internationale-detudes-stendhaliennes","status":"publish","type":"post","link":"https:\/\/stendhal.fr\/?p=1281","title":{"rendered":"Stendhal et l&rsquo;esprit Colloque organis\u00e9 par Stendhal Aujourd\u2019hui Avec la collaboration de HB Revue internationale d\u2019\u00e9tudes stendhaliennes"},"content":{"rendered":"<p style=\"text-align: center;\">\n<strong>STENDHAL ET L\u2019ESPRIT<\/strong><br \/>\n<strong> Colloque organis\u00e9 par Stendhal Aujourd\u2019hui<\/strong><br \/>\n<strong> Avec la collaboration de HB Revue internationale d\u2019\u00e9tudes stendhaliennes<\/strong><br \/>\nUniversit\u00e9 Paris-Sorbonne-Paris IV, 23 et 24 mars 2018<\/p>\n<p style=\"text-align: center;\"><strong>Vendredi 23 mars, Maison de la Recherche, salle D 040 (28 rue Serpente, 75006 Paris)<\/strong><\/p>\n<p style=\"text-align: center;\">9h30 Accueil et ouverture de la premi\u00e8re partie<br \/>\nPr\u00e9sidence\u00a0: Michel Arrous<\/p>\n<p>L\u2019esprit et la satire chez Stendhal et Boccace<br \/>\npar Elisabeth Scheele<\/p>\n<p>L\u2019\u00a0\u00ab\u00a0esprit italien\u00a0\u00bb de Stendhal<br \/>\npar M\u00e9k\u00e9 M\u00e9it\u00e9, Universit\u00e9 Houphou\u00ebt-Boigny, Abidjan-Cocody<\/p>\n<p>Les <em>M\u00e9moires d\u2019un touriste<\/em>\u00a0: existe-t-il un esprit fran\u00e7ais\u00a0?<br \/>\npar Thierry Ozwald, Universit\u00e9 de Limoges<\/p>\n<p style=\"text-align: center;\">12h-14h D\u00e9jeuner des intervenants<\/p>\n<p>Pr\u00e9sidence\u00a0: Suzel Esquier<\/p>\n<p>Traits d\u2019esprit au d\u00e9tour de la phrase. Le comique dans l\u2019\u0153uvre de Stendhal<br \/>\npar Lydia Bauer, Westf\u00e4lische Wilhelms-Universit\u00e4t M\u00fcnster<\/p>\n<p>L\u2019anecdote, un test d\u2019esprit\u00a0?<br \/>\npar C\u00e9lia Depommier-Cotton, ENS\/Ulm<\/p>\n<p style=\"text-align: center;\">15h30-16h Pause<\/p>\n<p>Le Sud ou le \u00ab\u00a0fatal triangle\u00a0\u00bb de l\u2019esprit<br \/>\npar Andr\u00e9e Mansau, Universit\u00e9 Toulouse-Jean Jaur\u00e8s<\/p>\n<p>Typologie, formes et valeurs de l\u2019esprit dans <em>Lucien Leuwen<\/em><br \/>\npar La\u00e9lia V\u00e9ron, Universit\u00e9 du Mans<\/p>\n<p>\u00ab\u00a0L\u2019esprit ne se met pas en musique\u00a0\u00bb. Contributions stendhaliennes au <em>Journal de Paris<\/em><br \/>\npar Juliette Mascart, Universit\u00e9 Paris IV \u2013CELLF 19-21<\/p>\n<p style=\"text-align: center;\"><strong>Samedi 24 mars, Amphith\u00e9\u00e2tre Milne Edwards (Universit\u00e9 Paris-Sorbonne, niveau F, esc. B ou F)<\/strong><\/p>\n<p>9h30 Accueil et ouverture de la deuxi\u00e8me journ\u00e9e<br \/>\nPr\u00e9sidence\u00a0: Michel Arrous<\/p>\n<p>R\u00f4le et statut de l\u2019esprit dans <em>F\u00e9der ou Le Mari d\u2019argent<\/em> de Stendhal<br \/>\npar Pierrette Pavet, Paris<\/p>\n<p>L\u2019esprit est-il possible en musique\u00a0?<br \/>\npar B\u00e9atrice Didier, ENS\/Ulm<\/p>\n<p>\u00ab\u00a0La joie surnage\u00a0\u00bb. Ironie et humour dans <em>Lucien Leuwen<\/em><br \/>\npar Valentina Fortunato, Universit\u00e9 Rome III<\/p>\n<p style=\"text-align: center;\">12h-14h D\u00e9jeuner des intervenants<\/p>\n<p style=\"text-align: center;\">\nPr\u00e9sidence\u00a0: Andr\u00e9e Mansau<\/p>\n<p>Femmes spirituelle, femmes sans spiritualit\u00e9\u00a0? Du statut de la femme d\u2019esprit dans le roman stendhalien<br \/>\npar Charl\u00e8ne Huttenberger-Revelli, Universit\u00e9 Toulouse-Jean Jaur\u00e8s<\/p>\n<p>\u00ab\u00a0Il nous faut de l\u2019esprit, n\u2019en f\u00fbt-il plus au monde\u00a0!\u00a0\u00bb<br \/>\npar Suzel Esquier, Universit\u00e9 Clermont-Ferrand II<\/p>\n<p>L\u2019\u00a0\u00ab\u00a0esprit\u00a0\u00bb dans la contemplation des arts visuels\u00a0: l\u2019\u00e9ventail des personnages stendhaliens<br \/>\npar Janine Gallant, Universit\u00e9 de Moncton<\/p>\n<p>M. Leuwen, un homme d\u2019esprit<br \/>\npar Michel Crouzet, Universit\u00e9 Paris IV<\/p>\n","protected":false},"excerpt":{"rendered":"<p>STENDHAL ET L\u2019ESPRIT Colloque organis\u00e9 par Stendhal Aujourd\u2019hui Avec la collaboration de HB Revue internationale d\u2019\u00e9tudes stendhaliennes Universit\u00e9 Paris-Sorbonne-Paris IV, 23 et 24 mars 2018 Vendredi 23 mars, Maison de la Recherche, salle D 040 (28 rue Serpente, 75006 Paris) &hellip; <a href=\"https:\/\/stendhal.fr\/?p=1281\">Continuer la lecture <span class=\"meta-nav\">&rarr;<\/span><\/a><\/p>\n","protected":false},"author":1,"featured_media":0,"comment_status":"closed","ping_status":"closed","sticky":false,"template":"","format":"standard","meta":{"jetpack_post_was_ever_published":false,"_jetpack_newsletter_access":"","_jetpack_dont_email_post_to_subs":false,"_jetpack_newsletter_tier_id":0,"_jetpack_memberships_contains_paywalled_content":false,"_jetpack_memberships_contains_paid_content":false,"footnotes":"","jetpack_publicize_message":"","jetpack_publicize_feature_enabled":true,"jetpack_social_post_already_shared":true,"jetpack_social_options":{"image_generator_settings":{"template":"highway","default_image_id":0,"font":"","enabled":false},"version":2}},"categories":[6],"tags":[],"class_list":["post-1281","post","type-post","status-publish","format-standard","hentry","category-colloques"],"jetpack_publicize_connections":[],"jetpack_featured_media_url":"","jetpack_sharing_enabled":true,"jetpack_shortlink":"https:\/\/wp.me\/p34K8b-kF","jetpack_likes_enabled":true,"_links":{"self":[{"href":"https:\/\/stendhal.fr\/index.php?rest_route=\/wp\/v2\/posts\/1281","targetHints":{"allow":["GET"]}}],"collection":[{"href":"https:\/\/stendhal.fr\/index.php?rest_route=\/wp\/v2\/posts"}],"about":[{"href":"https:\/\/stendhal.fr\/index.php?rest_route=\/wp\/v2\/types\/post"}],"author":[{"embeddable":true,"href":"https:\/\/stendhal.fr\/index.php?rest_route=\/wp\/v2\/users\/1"}],"replies":[{"embeddable":true,"href":"https:\/\/stendhal.fr\/index.php?rest_route=%2Fwp%2Fv2%2Fcomments&post=1281"}],"version-history":[{"count":1,"href":"https:\/\/stendhal.fr\/index.php?rest_route=\/wp\/v2\/posts\/1281\/revisions"}],"predecessor-version":[{"id":1282,"href":"https:\/\/stendhal.fr\/index.php?rest_route=\/wp\/v2\/posts\/1281\/revisions\/1282"}],"wp:attachment":[{"href":"https:\/\/stendhal.fr\/index.php?rest_route=%2Fwp%2Fv2%2Fmedia&parent=1281"}],"wp:term":[{"taxonomy":"category","embeddable":true,"href":"https:\/\/stendhal.fr\/index.php?rest_route=%2Fwp%2Fv2%2Fcategories&post=1281"},{"taxonomy":"post_tag","embeddable":true,"href":"https:\/\/stendhal.fr\/index.php?rest_route=%2Fwp%2Fv2%2Ftags&post=1281"}],"curies":[{"name":"wp","href":"https:\/\/api.w.org\/{rel}","templated":true}]}}